{"id":934,"date":"2023-11-06T22:11:35","date_gmt":"2023-11-07T01:11:35","guid":{"rendered":"https:\/\/coletivo21.art\/?p=934"},"modified":"2023-11-06T22:12:41","modified_gmt":"2023-11-07T01:12:41","slug":"resposta-ao-caos-casa-odisseia","status":"publish","type":"post","link":"https:\/\/coletivo21.art\/en\/resposta-ao-caos-casa-odisseia\/","title":{"rendered":"RESPOSTA AO CAOS &#8211; Casa Odisseia"},"content":{"rendered":"<p>The Coletivo 21 group was created in 2020, bringing together artists living in different cities across the country who participated in an online art course. During that period of social isolation due to the pandemic, their virtual meetings accommodated their uncertainties and created fertile ground for the group to think about joint actions that would generate opportunities for growth and display of their production.<\/p>\n\n\n\n<figure class=\"wp-block-image size-large\"><img fetchpriority=\"high\" decoding=\"async\" width=\"819\" height=\"1024\" src=\"https:\/\/coletivo21.art\/wp-content\/uploads\/2023\/11\/308609804_156506453729265_2318874066264334418_n-819x1024.jpg\" alt=\"\" class=\"wp-image-936\" srcset=\"https:\/\/coletivo21.art\/wp-content\/uploads\/2023\/11\/308609804_156506453729265_2318874066264334418_n-819x1024.jpg 819w, https:\/\/coletivo21.art\/wp-content\/uploads\/2023\/11\/308609804_156506453729265_2318874066264334418_n-240x300.jpg 240w, https:\/\/coletivo21.art\/wp-content\/uploads\/2023\/11\/308609804_156506453729265_2318874066264334418_n-768x960.jpg 768w, https:\/\/coletivo21.art\/wp-content\/uploads\/2023\/11\/308609804_156506453729265_2318874066264334418_n-1229x1536.jpg 1229w, https:\/\/coletivo21.art\/wp-content\/uploads\/2023\/11\/308609804_156506453729265_2318874066264334418_n.jpg 1406w\" sizes=\"(max-width: 819px) 100vw, 819px\" \/><\/figure>\n\n\n\n<p class=\"translation-block\">Individually, each person made their journey sharing knowledge and opportunities, thus contributing to everyone's development. <strong>During this journey, everyone realized that it is in the diversity and accumulated experience of each member that their strength lies. This is how, during this period, the group matured artistically, creating shared learning strategies, strengthening ties and gaining many friends.<\/strong><\/p>\n\n\n\n<p>For the exhibition Response to Chaos, a very broad concept was defined so that everyone could present their interpretation of the theme, based on their poetics and worldview. In all the works on display and in the dialogues they establish between them, the proposal is to provoke reflections on the collective challenges we face today.<\/p>\n\n\n\n<figure class=\"wp-block-image size-large\"><img decoding=\"async\" width=\"1024\" height=\"724\" src=\"https:\/\/coletivo21.art\/wp-content\/uploads\/2023\/11\/308633913_141738514964008_6103275850354885202_n-1024x724.jpg\" alt=\"\" class=\"wp-image-937\" srcset=\"https:\/\/coletivo21.art\/wp-content\/uploads\/2023\/11\/308633913_141738514964008_6103275850354885202_n-1024x724.jpg 1024w, https:\/\/coletivo21.art\/wp-content\/uploads\/2023\/11\/308633913_141738514964008_6103275850354885202_n-300x212.jpg 300w, https:\/\/coletivo21.art\/wp-content\/uploads\/2023\/11\/308633913_141738514964008_6103275850354885202_n-768x543.jpg 768w, https:\/\/coletivo21.art\/wp-content\/uploads\/2023\/11\/308633913_141738514964008_6103275850354885202_n.jpg 1280w\" sizes=\"(max-width: 1024px) 100vw, 1024px\" \/><\/figure>\n\n\n\n<p>For the group's creator, the artist Nando Paulino: Coletivo 21 is in itself a \u201cResponse to Chaos\u201d. Our dynamics establish an \u201corder\u201d, a common sense that enables actions considering the diversity of the members.<\/p>","protected":false},"excerpt":{"rendered":"<p>O grupo Coletivo 21 foi criado em 2020, reunindo artistas residentes em diversas cidades do pa\u00eds que participaram de um curso de arte online. Naquele per\u00edodo de isolamento social por conta da pandemia, seus encontros virtuais acolhiam suas incertezas e criavam um solo f\u00e9rtil para o grupo pensar a\u00e7\u00f5es conjuntas que gerassem oportunidades de crescimento [&hellip;]<\/p>","protected":false},"author":1,"featured_media":938,"comment_status":"open","ping_status":"open","sticky":false,"template":"","format":"standard","meta":{"footnotes":""},"categories":[1],"tags":[],"class_list":["post-934","post","type-post","status-publish","format-standard","has-post-thumbnail","hentry","category-blog"],"yoast_head":"<!-- This site is optimized with the Yoast SEO Premium plugin v22.8 (Yoast SEO v22.8) - https:\/\/yoast.com\/wordpress\/plugins\/seo\/ -->\n<title>RESPOSTA AO CAOS - Casa Odisseia - Coletivo 21<\/title>\n<meta name=\"robots\" content=\"index, follow, max-snippet:-1, max-image-preview:large, max-video-preview:-1\" \/>\n<link rel=\"canonical\" href=\"https:\/\/coletivo21.art\/en\/resposta-ao-caos-casa-odisseia\/\" \/>\n<meta property=\"og:locale\" content=\"en_US\" \/>\n<meta property=\"og:type\" content=\"article\" \/>\n<meta property=\"og:title\" content=\"RESPOSTA AO CAOS - Casa Odisseia\" \/>\n<meta property=\"og:description\" content=\"O grupo Coletivo 21 foi criado em 2020, reunindo artistas residentes em diversas cidades do pa\u00eds que participaram de um curso de arte online. Naquele per\u00edodo de isolamento social por conta da pandemia, seus encontros virtuais acolhiam suas incertezas e criavam um solo f\u00e9rtil para o grupo pensar a\u00e7\u00f5es conjuntas que gerassem oportunidades de crescimento [&hellip;]\" \/>\n<meta property=\"og:url\" content=\"https:\/\/coletivo21.art\/en\/resposta-ao-caos-casa-odisseia\/\" \/>\n<meta property=\"og:site_name\" content=\"Coletivo 21\" \/>\n<meta property=\"article:published_time\" content=\"2023-11-07T01:11:35+00:00\" \/>\n<meta property=\"article:modified_time\" content=\"2023-11-07T01:12:41+00:00\" \/>\n<meta property=\"og:image\" content=\"https:\/\/coletivo21.art\/wp-content\/uploads\/2023\/11\/305490503_191303263338939_3212254352847356716_n.jpg\" \/>\n\t<meta property=\"og:image:width\" content=\"1440\" \/>\n\t<meta property=\"og:image:height\" content=\"1800\" \/>\n\t<meta property=\"og:image:type\" content=\"image\/jpeg\" \/>\n<meta name=\"author\" content=\"Coletivo 21\" \/>\n<meta name=\"twitter:card\" content=\"summary_large_image\" \/>\n<meta name=\"twitter:label1\" content=\"Written by\" \/>\n\t<meta name=\"twitter:data1\" content=\"Coletivo 21\" \/>\n\t<meta name=\"twitter:label2\" content=\"Est. reading time\" \/>\n\t<meta name=\"twitter:data2\" content=\"2 minutes\" \/>\n<script type=\"application\/ld+json\" class=\"yoast-schema-graph\">{\"@context\":\"https:\/\/schema.org\",\"@graph\":[{\"@type\":\"Article\",\"@id\":\"https:\/\/coletivo21.art\/resposta-ao-caos-casa-odisseia\/#article\",\"isPartOf\":{\"@id\":\"https:\/\/coletivo21.art\/resposta-ao-caos-casa-odisseia\/\"},\"author\":{\"name\":\"Coletivo 21\",\"@id\":\"https:\/\/coletivo21.art\/#\/schema\/person\/0a074a441fe369292b021def00d771e2\"},\"headline\":\"RESPOSTA AO CAOS &#8211; Casa Odisseia\",\"datePublished\":\"2023-11-07T01:11:35+00:00\",\"dateModified\":\"2023-11-07T01:12:41+00:00\",\"mainEntityOfPage\":{\"@id\":\"https:\/\/coletivo21.art\/resposta-ao-caos-casa-odisseia\/\"},\"wordCount\":231,\"commentCount\":0,\"publisher\":{\"@id\":\"https:\/\/coletivo21.art\/#organization\"},\"image\":{\"@id\":\"https:\/\/coletivo21.art\/resposta-ao-caos-casa-odisseia\/#primaryimage\"},\"thumbnailUrl\":\"https:\/\/coletivo21.art\/wp-content\/uploads\/2023\/11\/305490503_191303263338939_3212254352847356716_n.jpg\",\"articleSection\":[\"Blog\"],\"inLanguage\":\"en-US\",\"potentialAction\":[{\"@type\":\"CommentAction\",\"name\":\"Comment\",\"target\":[\"https:\/\/coletivo21.art\/resposta-ao-caos-casa-odisseia\/#respond\"]}]},{\"@type\":\"WebPage\",\"@id\":\"https:\/\/coletivo21.art\/resposta-ao-caos-casa-odisseia\/\",\"url\":\"https:\/\/coletivo21.art\/resposta-ao-caos-casa-odisseia\/\",\"name\":\"RESPOSTA AO CAOS - Casa Odisseia - Coletivo 21\",\"isPartOf\":{\"@id\":\"https:\/\/coletivo21.art\/#website\"},\"primaryImageOfPage\":{\"@id\":\"https:\/\/coletivo21.art\/resposta-ao-caos-casa-odisseia\/#primaryimage\"},\"image\":{\"@id\":\"https:\/\/coletivo21.art\/resposta-ao-caos-casa-odisseia\/#primaryimage\"},\"thumbnailUrl\":\"https:\/\/coletivo21.art\/wp-content\/uploads\/2023\/11\/305490503_191303263338939_3212254352847356716_n.jpg\",\"datePublished\":\"2023-11-07T01:11:35+00:00\",\"dateModified\":\"2023-11-07T01:12:41+00:00\",\"breadcrumb\":{\"@id\":\"https:\/\/coletivo21.art\/resposta-ao-caos-casa-odisseia\/#breadcrumb\"},\"inLanguage\":\"en-US\",\"potentialAction\":[{\"@type\":\"ReadAction\",\"target\":[\"https:\/\/coletivo21.art\/resposta-ao-caos-casa-odisseia\/\"]}]},{\"@type\":\"ImageObject\",\"inLanguage\":\"en-US\",\"@id\":\"https:\/\/coletivo21.art\/resposta-ao-caos-casa-odisseia\/#primaryimage\",\"url\":\"https:\/\/coletivo21.art\/wp-content\/uploads\/2023\/11\/305490503_191303263338939_3212254352847356716_n.jpg\",\"contentUrl\":\"https:\/\/coletivo21.art\/wp-content\/uploads\/2023\/11\/305490503_191303263338939_3212254352847356716_n.jpg\",\"width\":1440,\"height\":1800},{\"@type\":\"BreadcrumbList\",\"@id\":\"https:\/\/coletivo21.art\/resposta-ao-caos-casa-odisseia\/#breadcrumb\",\"itemListElement\":[{\"@type\":\"ListItem\",\"position\":1,\"name\":\"In\u00edcio\",\"item\":\"https:\/\/coletivo21.art\/\"},{\"@type\":\"ListItem\",\"position\":2,\"name\":\"RESPOSTA AO CAOS &#8211; Casa Odisseia\"}]},{\"@type\":\"WebSite\",\"@id\":\"https:\/\/coletivo21.art\/#website\",\"url\":\"https:\/\/coletivo21.art\/\",\"name\":\"Coletivo 21\",\"description\":\"Coletivo de Artistas\",\"publisher\":{\"@id\":\"https:\/\/coletivo21.art\/#organization\"},\"potentialAction\":[{\"@type\":\"SearchAction\",\"target\":{\"@type\":\"EntryPoint\",\"urlTemplate\":\"https:\/\/coletivo21.art\/?s={search_term_string}\"},\"query-input\":\"required name=search_term_string\"}],\"inLanguage\":\"en-US\"},{\"@type\":\"Organization\",\"@id\":\"https:\/\/coletivo21.art\/#organization\",\"name\":\"Coletivo 21\",\"url\":\"https:\/\/coletivo21.art\/\",\"logo\":{\"@type\":\"ImageObject\",\"inLanguage\":\"en-US\",\"@id\":\"https:\/\/coletivo21.art\/#\/schema\/logo\/image\/\",\"url\":\"https:\/\/coletivo21.art\/wp-content\/uploads\/2023\/08\/C21PL.png\",\"contentUrl\":\"https:\/\/coletivo21.art\/wp-content\/uploads\/2023\/08\/C21PL.png\",\"width\":976,\"height\":231,\"caption\":\"Coletivo 21\"},\"image\":{\"@id\":\"https:\/\/coletivo21.art\/#\/schema\/logo\/image\/\"},\"sameAs\":[\"https:\/\/www.instagram.com\/coletivo_21\/\"]},{\"@type\":\"Person\",\"@id\":\"https:\/\/coletivo21.art\/#\/schema\/person\/0a074a441fe369292b021def00d771e2\",\"name\":\"Coletivo 21\",\"image\":{\"@type\":\"ImageObject\",\"inLanguage\":\"en-US\",\"@id\":\"https:\/\/coletivo21.art\/#\/schema\/person\/image\/\",\"url\":\"https:\/\/secure.gravatar.com\/avatar\/1bc6d40dc248750b53e13b33d3534423b594a2619f45b16f21b51c9d34fc54b1?s=96&d=mm&r=g\",\"contentUrl\":\"https:\/\/secure.gravatar.com\/avatar\/1bc6d40dc248750b53e13b33d3534423b594a2619f45b16f21b51c9d34fc54b1?s=96&d=mm&r=g\",\"caption\":\"Coletivo 21\"},\"description\":\"Somos um coletivo de artistas de diversas regi\u00f5es do Brasil, cada um em sua singularidade, com o desejo em comum de expor sua po\u00e9tica visual.\",\"sameAs\":[\"http:\/\/coletivo21.art\"],\"url\":\"https:\/\/coletivo21.art\/en\/author\/coletivo21-art\/\"}]}<\/script>\n<!-- \/ Yoast SEO Premium plugin. -->","yoast_head_json":{"title":"RESPOSTA AO CAOS - Casa Odisseia - Coletivo 21","robots":{"index":"index","follow":"follow","max-snippet":"max-snippet:-1","max-image-preview":"max-image-preview:large","max-video-preview":"max-video-preview:-1"},"canonical":"https:\/\/coletivo21.art\/en\/resposta-ao-caos-casa-odisseia\/","og_locale":"en_US","og_type":"article","og_title":"RESPOSTA AO CAOS - Casa Odisseia","og_description":"O grupo Coletivo 21 foi criado em 2020, reunindo artistas residentes em diversas cidades do pa\u00eds que participaram de um curso de arte online. Naquele per\u00edodo de isolamento social por conta da pandemia, seus encontros virtuais acolhiam suas incertezas e criavam um solo f\u00e9rtil para o grupo pensar a\u00e7\u00f5es conjuntas que gerassem oportunidades de crescimento [&hellip;]","og_url":"https:\/\/coletivo21.art\/en\/resposta-ao-caos-casa-odisseia\/","og_site_name":"Coletivo 21","article_published_time":"2023-11-07T01:11:35+00:00","article_modified_time":"2023-11-07T01:12:41+00:00","og_image":[{"width":1440,"height":1800,"url":"https:\/\/coletivo21.art\/wp-content\/uploads\/2023\/11\/305490503_191303263338939_3212254352847356716_n.jpg","type":"image\/jpeg"}],"author":"Coletivo 21","twitter_card":"summary_large_image","twitter_misc":{"Written by":"Coletivo 21","Est. reading time":"2 minutes"},"schema":{"@context":"https:\/\/schema.org","@graph":[{"@type":"Article","@id":"https:\/\/coletivo21.art\/resposta-ao-caos-casa-odisseia\/#article","isPartOf":{"@id":"https:\/\/coletivo21.art\/resposta-ao-caos-casa-odisseia\/"},"author":{"name":"Coletivo 21","@id":"https:\/\/coletivo21.art\/#\/schema\/person\/0a074a441fe369292b021def00d771e2"},"headline":"RESPOSTA AO CAOS &#8211; Casa Odisseia","datePublished":"2023-11-07T01:11:35+00:00","dateModified":"2023-11-07T01:12:41+00:00","mainEntityOfPage":{"@id":"https:\/\/coletivo21.art\/resposta-ao-caos-casa-odisseia\/"},"wordCount":231,"commentCount":0,"publisher":{"@id":"https:\/\/coletivo21.art\/#organization"},"image":{"@id":"https:\/\/coletivo21.art\/resposta-ao-caos-casa-odisseia\/#primaryimage"},"thumbnailUrl":"https:\/\/coletivo21.art\/wp-content\/uploads\/2023\/11\/305490503_191303263338939_3212254352847356716_n.jpg","articleSection":["Blog"],"inLanguage":"en-US","potentialAction":[{"@type":"CommentAction","name":"Comment","target":["https:\/\/coletivo21.art\/resposta-ao-caos-casa-odisseia\/#respond"]}]},{"@type":"WebPage","@id":"https:\/\/coletivo21.art\/resposta-ao-caos-casa-odisseia\/","url":"https:\/\/coletivo21.art\/resposta-ao-caos-casa-odisseia\/","name":"RESPOSTA AO CAOS - Casa Odisseia - Coletivo 21","isPartOf":{"@id":"https:\/\/coletivo21.art\/#website"},"primaryImageOfPage":{"@id":"https:\/\/coletivo21.art\/resposta-ao-caos-casa-odisseia\/#primaryimage"},"image":{"@id":"https:\/\/coletivo21.art\/resposta-ao-caos-casa-odisseia\/#primaryimage"},"thumbnailUrl":"https:\/\/coletivo21.art\/wp-content\/uploads\/2023\/11\/305490503_191303263338939_3212254352847356716_n.jpg","datePublished":"2023-11-07T01:11:35+00:00","dateModified":"2023-11-07T01:12:41+00:00","breadcrumb":{"@id":"https:\/\/coletivo21.art\/resposta-ao-caos-casa-odisseia\/#breadcrumb"},"inLanguage":"en-US","potentialAction":[{"@type":"ReadAction","target":["https:\/\/coletivo21.art\/resposta-ao-caos-casa-odisseia\/"]}]},{"@type":"ImageObject","inLanguage":"en-US","@id":"https:\/\/coletivo21.art\/resposta-ao-caos-casa-odisseia\/#primaryimage","url":"https:\/\/coletivo21.art\/wp-content\/uploads\/2023\/11\/305490503_191303263338939_3212254352847356716_n.jpg","contentUrl":"https:\/\/coletivo21.art\/wp-content\/uploads\/2023\/11\/305490503_191303263338939_3212254352847356716_n.jpg","width":1440,"height":1800},{"@type":"BreadcrumbList","@id":"https:\/\/coletivo21.art\/resposta-ao-caos-casa-odisseia\/#breadcrumb","itemListElement":[{"@type":"ListItem","position":1,"name":"In\u00edcio","item":"https:\/\/coletivo21.art\/"},{"@type":"ListItem","position":2,"name":"RESPOSTA AO CAOS &#8211; Casa Odisseia"}]},{"@type":"WebSite","@id":"https:\/\/coletivo21.art\/#website","url":"https:\/\/coletivo21.art\/","name":"Coletivo 21","description":"Coletivo de Artistas","publisher":{"@id":"https:\/\/coletivo21.art\/#organization"},"potentialAction":[{"@type":"SearchAction","target":{"@type":"EntryPoint","urlTemplate":"https:\/\/coletivo21.art\/?s={search_term_string}"},"query-input":"required name=search_term_string"}],"inLanguage":"en-US"},{"@type":"Organization","@id":"https:\/\/coletivo21.art\/#organization","name":"Coletivo 21","url":"https:\/\/coletivo21.art\/","logo":{"@type":"ImageObject","inLanguage":"en-US","@id":"https:\/\/coletivo21.art\/#\/schema\/logo\/image\/","url":"https:\/\/coletivo21.art\/wp-content\/uploads\/2023\/08\/C21PL.png","contentUrl":"https:\/\/coletivo21.art\/wp-content\/uploads\/2023\/08\/C21PL.png","width":976,"height":231,"caption":"Coletivo 21"},"image":{"@id":"https:\/\/coletivo21.art\/#\/schema\/logo\/image\/"},"sameAs":["https:\/\/www.instagram.com\/coletivo_21\/"]},{"@type":"Person","@id":"https:\/\/coletivo21.art\/#\/schema\/person\/0a074a441fe369292b021def00d771e2","name":"Coletivo 21","image":{"@type":"ImageObject","inLanguage":"en-US","@id":"https:\/\/coletivo21.art\/#\/schema\/person\/image\/","url":"https:\/\/secure.gravatar.com\/avatar\/1bc6d40dc248750b53e13b33d3534423b594a2619f45b16f21b51c9d34fc54b1?s=96&d=mm&r=g","contentUrl":"https:\/\/secure.gravatar.com\/avatar\/1bc6d40dc248750b53e13b33d3534423b594a2619f45b16f21b51c9d34fc54b1?s=96&d=mm&r=g","caption":"Coletivo 21"},"description":"Somos um coletivo de artistas de diversas regi\u00f5es do Brasil, cada um em sua singularidade, com o desejo em comum de expor sua po\u00e9tica visual.","sameAs":["http:\/\/coletivo21.art"],"url":"https:\/\/coletivo21.art\/en\/author\/coletivo21-art\/"}]}},"_links":{"self":[{"href":"https:\/\/coletivo21.art\/en\/wp-json\/wp\/v2\/posts\/934","targetHints":{"allow":["GET"]}}],"collection":[{"href":"https:\/\/coletivo21.art\/en\/wp-json\/wp\/v2\/posts"}],"about":[{"href":"https:\/\/coletivo21.art\/en\/wp-json\/wp\/v2\/types\/post"}],"author":[{"embeddable":true,"href":"https:\/\/coletivo21.art\/en\/wp-json\/wp\/v2\/users\/1"}],"replies":[{"embeddable":true,"href":"https:\/\/coletivo21.art\/en\/wp-json\/wp\/v2\/comments?post=934"}],"version-history":[{"count":2,"href":"https:\/\/coletivo21.art\/en\/wp-json\/wp\/v2\/posts\/934\/revisions"}],"predecessor-version":[{"id":940,"href":"https:\/\/coletivo21.art\/en\/wp-json\/wp\/v2\/posts\/934\/revisions\/940"}],"wp:featuredmedia":[{"embeddable":true,"href":"https:\/\/coletivo21.art\/en\/wp-json\/wp\/v2\/media\/938"}],"wp:attachment":[{"href":"https:\/\/coletivo21.art\/en\/wp-json\/wp\/v2\/media?parent=934"}],"wp:term":[{"taxonomy":"category","embeddable":true,"href":"https:\/\/coletivo21.art\/en\/wp-json\/wp\/v2\/categories?post=934"},{"taxonomy":"post_tag","embeddable":true,"href":"https:\/\/coletivo21.art\/en\/wp-json\/wp\/v2\/tags?post=934"}],"curies":[{"name":"wp","href":"https:\/\/api.w.org\/{rel}","templated":true}]}}