{"id":882,"date":"2023-10-31T22:12:47","date_gmt":"2023-11-01T01:12:47","guid":{"rendered":"https:\/\/coletivo21.art\/?p=882"},"modified":"2023-10-31T22:14:50","modified_gmt":"2023-11-01T01:14:50","slug":"erni-jose-seibel","status":"publish","type":"post","link":"https:\/\/coletivo21.art\/en\/erni-jose-seibel\/","title":{"rendered":"Erni Jos\u00e9 Seibel \u2022 1952 &#8211; 2022"},"content":{"rendered":"<p>Graduated in Business Administration from the Federal University of Rio Grande do Sul (1975), he also received a master's degree in Administration from UFRGS. He taught at the Department of Sociology and Political Science at UFSC. His research area was Administration, with an emphasis on public organizations, public policies, public administration, political culture and social indicators.<\/p>\n\n\n\n<figure class=\"wp-block-image size-large\"><img fetchpriority=\"high\" decoding=\"async\" width=\"1024\" height=\"766\" src=\"https:\/\/coletivo21.art\/wp-content\/uploads\/2023\/10\/20210109_181205-01-01-1-1024x766.jpg\" alt=\"\" class=\"wp-image-891\" srcset=\"https:\/\/coletivo21.art\/wp-content\/uploads\/2023\/10\/20210109_181205-01-01-1-1024x766.jpg 1024w, https:\/\/coletivo21.art\/wp-content\/uploads\/2023\/10\/20210109_181205-01-01-1-300x225.jpg 300w, https:\/\/coletivo21.art\/wp-content\/uploads\/2023\/10\/20210109_181205-01-01-1-768x575.jpg 768w, https:\/\/coletivo21.art\/wp-content\/uploads\/2023\/10\/20210109_181205-01-01-1-1536x1150.jpg 1536w, https:\/\/coletivo21.art\/wp-content\/uploads\/2023\/10\/20210109_181205-01-01-1.jpg 1900w\" sizes=\"(max-width: 1024px) 100vw, 1024px\" \/><\/figure>\n\n\n\n<p>In addition to being a teacher and researcher, Erni Seibel was an artist. He was a sculptor and digital artist, exhibiting his work on the internet and in exhibitions. The last of these, announced on his social networks, took place in October 2021. He has participated in Coletivo 21 since its initial assembly.<\/p>\n\n\n\n<figure class=\"wp-block-gallery has-nested-images columns-default is-cropped wp-block-gallery-1 is-layout-flex wp-block-gallery-is-layout-flex\">\n<figure class=\"wp-block-image size-large\"><img decoding=\"async\" width=\"1024\" height=\"768\" data-id=\"885\" src=\"https:\/\/coletivo21.art\/wp-content\/uploads\/2023\/10\/20210109_181205-01-01_edited-1024x768.jpeg\" alt=\"\" class=\"wp-image-885\" srcset=\"https:\/\/coletivo21.art\/wp-content\/uploads\/2023\/10\/20210109_181205-01-01_edited-1024x768.jpeg 1024w, https:\/\/coletivo21.art\/wp-content\/uploads\/2023\/10\/20210109_181205-01-01_edited-300x225.jpeg 300w, https:\/\/coletivo21.art\/wp-content\/uploads\/2023\/10\/20210109_181205-01-01_edited-768x576.jpeg 768w, https:\/\/coletivo21.art\/wp-content\/uploads\/2023\/10\/20210109_181205-01-01_edited-1536x1152.jpeg 1536w, https:\/\/coletivo21.art\/wp-content\/uploads\/2023\/10\/20210109_181205-01-01_edited-2048x1536.jpeg 2048w\" sizes=\"(max-width: 1024px) 100vw, 1024px\" \/><\/figure>\n\n\n\n<figure class=\"wp-block-image size-large\"><img decoding=\"async\" width=\"878\" height=\"873\" data-id=\"886\" src=\"https:\/\/coletivo21.art\/wp-content\/uploads\/2023\/10\/Erni.jpg\" alt=\"\" class=\"wp-image-886\" srcset=\"https:\/\/coletivo21.art\/wp-content\/uploads\/2023\/10\/Erni.jpg 878w, https:\/\/coletivo21.art\/wp-content\/uploads\/2023\/10\/Erni-300x298.jpg 300w, https:\/\/coletivo21.art\/wp-content\/uploads\/2023\/10\/Erni-150x150.jpg 150w, https:\/\/coletivo21.art\/wp-content\/uploads\/2023\/10\/Erni-768x764.jpg 768w\" sizes=\"(max-width: 878px) 100vw, 878px\" \/><\/figure>\n\n\n\n<figure class=\"wp-block-image size-large\"><img loading=\"lazy\" decoding=\"async\" width=\"880\" height=\"876\" data-id=\"887\" src=\"https:\/\/coletivo21.art\/wp-content\/uploads\/2023\/10\/erni3.jpg\" alt=\"\" class=\"wp-image-887\" srcset=\"https:\/\/coletivo21.art\/wp-content\/uploads\/2023\/10\/erni3.jpg 880w, https:\/\/coletivo21.art\/wp-content\/uploads\/2023\/10\/erni3-300x300.jpg 300w, https:\/\/coletivo21.art\/wp-content\/uploads\/2023\/10\/erni3-150x150.jpg 150w, https:\/\/coletivo21.art\/wp-content\/uploads\/2023\/10\/erni3-768x765.jpg 768w\" sizes=\"(max-width: 880px) 100vw, 880px\" \/><\/figure>\n\n\n\n<figure class=\"wp-block-image size-large\"><img loading=\"lazy\" decoding=\"async\" width=\"658\" height=\"816\" data-id=\"888\" src=\"https:\/\/coletivo21.art\/wp-content\/uploads\/2023\/10\/Flautista_ErniSeibel.jpg\" alt=\"\" class=\"wp-image-888\" srcset=\"https:\/\/coletivo21.art\/wp-content\/uploads\/2023\/10\/Flautista_ErniSeibel.jpg 658w, https:\/\/coletivo21.art\/wp-content\/uploads\/2023\/10\/Flautista_ErniSeibel-242x300.jpg 242w\" sizes=\"(max-width: 658px) 100vw, 658px\" \/><\/figure>\n\n\n\n<figure class=\"wp-block-image size-large\"><img loading=\"lazy\" decoding=\"async\" width=\"825\" height=\"671\" data-id=\"889\" src=\"https:\/\/coletivo21.art\/wp-content\/uploads\/2023\/10\/Vertices_ErniSeibel.jpg\" alt=\"\" class=\"wp-image-889\" srcset=\"https:\/\/coletivo21.art\/wp-content\/uploads\/2023\/10\/Vertices_ErniSeibel.jpg 825w, https:\/\/coletivo21.art\/wp-content\/uploads\/2023\/10\/Vertices_ErniSeibel-300x244.jpg 300w, https:\/\/coletivo21.art\/wp-content\/uploads\/2023\/10\/Vertices_ErniSeibel-768x625.jpg 768w\" sizes=\"(max-width: 825px) 100vw, 825px\" \/><\/figure>\n\n\n\n<figure class=\"wp-block-image size-large\"><img loading=\"lazy\" decoding=\"async\" width=\"1024\" height=\"768\" data-id=\"890\" src=\"https:\/\/coletivo21.art\/wp-content\/uploads\/2023\/10\/20210109_181205-01-01-1024x768.jpeg\" alt=\"\" class=\"wp-image-890\" srcset=\"https:\/\/coletivo21.art\/wp-content\/uploads\/2023\/10\/20210109_181205-01-01-1024x768.jpeg 1024w, https:\/\/coletivo21.art\/wp-content\/uploads\/2023\/10\/20210109_181205-01-01-300x225.jpeg 300w, https:\/\/coletivo21.art\/wp-content\/uploads\/2023\/10\/20210109_181205-01-01-768x576.jpeg 768w, https:\/\/coletivo21.art\/wp-content\/uploads\/2023\/10\/20210109_181205-01-01-1536x1152.jpeg 1536w, https:\/\/coletivo21.art\/wp-content\/uploads\/2023\/10\/20210109_181205-01-01-2048x1536.jpeg 2048w\" sizes=\"(max-width: 1024px) 100vw, 1024px\" \/><\/figure>\n<\/figure>","protected":false},"excerpt":{"rendered":"<p>Graduado em Administra\u00e7\u00e3o de Empresas pela Universidade Federal do Rio Grande do Sul (1975) fez mestrado em Administra\u00e7\u00e3o tamb\u00e9m pela UFRGS, Lecionou no Departamento de Sociologia e Ci\u00eancia Pol\u00edtica da UFSC. Sua \u00e1rea de pesquisa foi a Administra\u00e7\u00e3o, com \u00eanfase em organiza\u00e7\u00f5es p\u00fablicas, pol\u00edticas p\u00fablicas, administra\u00e7\u00e3o p\u00fablica, cultura pol\u00edtica e indicadores sociais. Al\u00e9m de professor [&hellip;]<\/p>","protected":false},"author":1,"featured_media":884,"comment_status":"open","ping_status":"open","sticky":false,"template":"","format":"standard","meta":{"footnotes":""},"categories":[1],"tags":[],"class_list":["post-882","post","type-post","status-publish","format-standard","has-post-thumbnail","hentry","category-blog"],"yoast_head":"<!-- This site is optimized with the Yoast SEO Premium plugin v22.8 (Yoast SEO v22.8) - https:\/\/yoast.com\/wordpress\/plugins\/seo\/ -->\n<title>Erni Jos\u00e9 Seibel \u2022 1952 - 2022 - Coletivo 21<\/title>\n<meta name=\"description\" content=\"Al\u00e9m de professor e pesquisador, Erni Seibel era artista. A \u00faltima delas, anunciada em suas redes sociais, ocorreu em outubro de 2021.\" \/>\n<meta name=\"robots\" content=\"index, follow, max-snippet:-1, max-image-preview:large, max-video-preview:-1\" \/>\n<link rel=\"canonical\" href=\"https:\/\/coletivo21.art\/en\/erni-jose-seibel\/\" \/>\n<meta property=\"og:locale\" content=\"en_US\" \/>\n<meta property=\"og:type\" content=\"article\" \/>\n<meta property=\"og:title\" content=\"Erni Jos\u00e9 Seibel \u2022 1952 - 2022\" \/>\n<meta property=\"og:description\" content=\"Al\u00e9m de professor e pesquisador, Erni Seibel era artista. A \u00faltima delas, anunciada em suas redes sociais, ocorreu em outubro de 2021.\" \/>\n<meta property=\"og:url\" content=\"https:\/\/coletivo21.art\/en\/erni-jose-seibel\/\" \/>\n<meta property=\"og:site_name\" content=\"Coletivo 21\" \/>\n<meta property=\"article:published_time\" content=\"2023-11-01T01:12:47+00:00\" \/>\n<meta property=\"article:modified_time\" content=\"2023-11-01T01:14:50+00:00\" \/>\n<meta property=\"og:image\" content=\"https:\/\/coletivo21.art\/wp-content\/uploads\/2023\/10\/Erni-Seibl.jpg\" \/>\n\t<meta property=\"og:image:width\" content=\"595\" \/>\n\t<meta property=\"og:image:height\" content=\"595\" \/>\n\t<meta property=\"og:image:type\" content=\"image\/jpeg\" \/>\n<meta name=\"author\" content=\"Coletivo 21\" \/>\n<meta name=\"twitter:card\" content=\"summary_large_image\" \/>\n<meta name=\"twitter:label1\" content=\"Written by\" \/>\n\t<meta name=\"twitter:data1\" content=\"Coletivo 21\" \/>\n\t<meta name=\"twitter:label2\" content=\"Est. reading time\" \/>\n\t<meta name=\"twitter:data2\" content=\"2 minutes\" \/>\n<script type=\"application\/ld+json\" class=\"yoast-schema-graph\">{\"@context\":\"https:\/\/schema.org\",\"@graph\":[{\"@type\":\"Article\",\"@id\":\"https:\/\/coletivo21.art\/erni-jose-seibel\/#article\",\"isPartOf\":{\"@id\":\"https:\/\/coletivo21.art\/erni-jose-seibel\/\"},\"author\":{\"name\":\"Coletivo 21\",\"@id\":\"https:\/\/coletivo21.art\/#\/schema\/person\/0a074a441fe369292b021def00d771e2\"},\"headline\":\"Erni Jos\u00e9 Seibel \u2022 1952 &#8211; 2022\",\"datePublished\":\"2023-11-01T01:12:47+00:00\",\"dateModified\":\"2023-11-01T01:14:50+00:00\",\"mainEntityOfPage\":{\"@id\":\"https:\/\/coletivo21.art\/erni-jose-seibel\/\"},\"wordCount\":114,\"commentCount\":0,\"publisher\":{\"@id\":\"https:\/\/coletivo21.art\/#organization\"},\"image\":{\"@id\":\"https:\/\/coletivo21.art\/erni-jose-seibel\/#primaryimage\"},\"thumbnailUrl\":\"https:\/\/coletivo21.art\/wp-content\/uploads\/2023\/10\/Erni-Seibl.jpg\",\"articleSection\":[\"Blog\"],\"inLanguage\":\"en-US\",\"potentialAction\":[{\"@type\":\"CommentAction\",\"name\":\"Comment\",\"target\":[\"https:\/\/coletivo21.art\/erni-jose-seibel\/#respond\"]}]},{\"@type\":\"WebPage\",\"@id\":\"https:\/\/coletivo21.art\/erni-jose-seibel\/\",\"url\":\"https:\/\/coletivo21.art\/erni-jose-seibel\/\",\"name\":\"Erni Jos\u00e9 Seibel \u2022 1952 - 2022 - Coletivo 21\",\"isPartOf\":{\"@id\":\"https:\/\/coletivo21.art\/#website\"},\"primaryImageOfPage\":{\"@id\":\"https:\/\/coletivo21.art\/erni-jose-seibel\/#primaryimage\"},\"image\":{\"@id\":\"https:\/\/coletivo21.art\/erni-jose-seibel\/#primaryimage\"},\"thumbnailUrl\":\"https:\/\/coletivo21.art\/wp-content\/uploads\/2023\/10\/Erni-Seibl.jpg\",\"datePublished\":\"2023-11-01T01:12:47+00:00\",\"dateModified\":\"2023-11-01T01:14:50+00:00\",\"description\":\"Al\u00e9m de professor e pesquisador, Erni Seibel era artista. A \u00faltima delas, anunciada em suas redes sociais, ocorreu em outubro de 2021.\",\"breadcrumb\":{\"@id\":\"https:\/\/coletivo21.art\/erni-jose-seibel\/#breadcrumb\"},\"inLanguage\":\"en-US\",\"potentialAction\":[{\"@type\":\"ReadAction\",\"target\":[\"https:\/\/coletivo21.art\/erni-jose-seibel\/\"]}]},{\"@type\":\"ImageObject\",\"inLanguage\":\"en-US\",\"@id\":\"https:\/\/coletivo21.art\/erni-jose-seibel\/#primaryimage\",\"url\":\"https:\/\/coletivo21.art\/wp-content\/uploads\/2023\/10\/Erni-Seibl.jpg\",\"contentUrl\":\"https:\/\/coletivo21.art\/wp-content\/uploads\/2023\/10\/Erni-Seibl.jpg\",\"width\":595,\"height\":595},{\"@type\":\"BreadcrumbList\",\"@id\":\"https:\/\/coletivo21.art\/erni-jose-seibel\/#breadcrumb\",\"itemListElement\":[{\"@type\":\"ListItem\",\"position\":1,\"name\":\"In\u00edcio\",\"item\":\"https:\/\/coletivo21.art\/\"},{\"@type\":\"ListItem\",\"position\":2,\"name\":\"Erni Jos\u00e9 Seibel \u2022 1952 &#8211; 2022\"}]},{\"@type\":\"WebSite\",\"@id\":\"https:\/\/coletivo21.art\/#website\",\"url\":\"https:\/\/coletivo21.art\/\",\"name\":\"Coletivo 21\",\"description\":\"Coletivo de Artistas\",\"publisher\":{\"@id\":\"https:\/\/coletivo21.art\/#organization\"},\"potentialAction\":[{\"@type\":\"SearchAction\",\"target\":{\"@type\":\"EntryPoint\",\"urlTemplate\":\"https:\/\/coletivo21.art\/?s={search_term_string}\"},\"query-input\":\"required name=search_term_string\"}],\"inLanguage\":\"en-US\"},{\"@type\":\"Organization\",\"@id\":\"https:\/\/coletivo21.art\/#organization\",\"name\":\"Coletivo 21\",\"url\":\"https:\/\/coletivo21.art\/\",\"logo\":{\"@type\":\"ImageObject\",\"inLanguage\":\"en-US\",\"@id\":\"https:\/\/coletivo21.art\/#\/schema\/logo\/image\/\",\"url\":\"https:\/\/coletivo21.art\/wp-content\/uploads\/2023\/08\/C21PL.png\",\"contentUrl\":\"https:\/\/coletivo21.art\/wp-content\/uploads\/2023\/08\/C21PL.png\",\"width\":976,\"height\":231,\"caption\":\"Coletivo 21\"},\"image\":{\"@id\":\"https:\/\/coletivo21.art\/#\/schema\/logo\/image\/\"},\"sameAs\":[\"https:\/\/www.instagram.com\/coletivo_21\/\"]},{\"@type\":\"Person\",\"@id\":\"https:\/\/coletivo21.art\/#\/schema\/person\/0a074a441fe369292b021def00d771e2\",\"name\":\"Coletivo 21\",\"image\":{\"@type\":\"ImageObject\",\"inLanguage\":\"en-US\",\"@id\":\"https:\/\/coletivo21.art\/#\/schema\/person\/image\/\",\"url\":\"https:\/\/secure.gravatar.com\/avatar\/1bc6d40dc248750b53e13b33d3534423b594a2619f45b16f21b51c9d34fc54b1?s=96&d=mm&r=g\",\"contentUrl\":\"https:\/\/secure.gravatar.com\/avatar\/1bc6d40dc248750b53e13b33d3534423b594a2619f45b16f21b51c9d34fc54b1?s=96&d=mm&r=g\",\"caption\":\"Coletivo 21\"},\"description\":\"Somos um coletivo de artistas de diversas regi\u00f5es do Brasil, cada um em sua singularidade, com o desejo em comum de expor sua po\u00e9tica visual.\",\"sameAs\":[\"http:\/\/coletivo21.art\"],\"url\":\"https:\/\/coletivo21.art\/en\/author\/coletivo21-art\/\"}]}<\/script>\n<!-- \/ Yoast SEO Premium plugin. -->","yoast_head_json":{"title":"Erni Jos\u00e9 Seibel \u2022 1952 - 2022 - Coletivo 21","description":"Al\u00e9m de professor e pesquisador, Erni Seibel era artista. A \u00faltima delas, anunciada em suas redes sociais, ocorreu em outubro de 2021.","robots":{"index":"index","follow":"follow","max-snippet":"max-snippet:-1","max-image-preview":"max-image-preview:large","max-video-preview":"max-video-preview:-1"},"canonical":"https:\/\/coletivo21.art\/en\/erni-jose-seibel\/","og_locale":"en_US","og_type":"article","og_title":"Erni Jos\u00e9 Seibel \u2022 1952 - 2022","og_description":"Al\u00e9m de professor e pesquisador, Erni Seibel era artista. A \u00faltima delas, anunciada em suas redes sociais, ocorreu em outubro de 2021.","og_url":"https:\/\/coletivo21.art\/en\/erni-jose-seibel\/","og_site_name":"Coletivo 21","article_published_time":"2023-11-01T01:12:47+00:00","article_modified_time":"2023-11-01T01:14:50+00:00","og_image":[{"width":595,"height":595,"url":"https:\/\/coletivo21.art\/wp-content\/uploads\/2023\/10\/Erni-Seibl.jpg","type":"image\/jpeg"}],"author":"Coletivo 21","twitter_card":"summary_large_image","twitter_misc":{"Written by":"Coletivo 21","Est. reading time":"2 minutes"},"schema":{"@context":"https:\/\/schema.org","@graph":[{"@type":"Article","@id":"https:\/\/coletivo21.art\/erni-jose-seibel\/#article","isPartOf":{"@id":"https:\/\/coletivo21.art\/erni-jose-seibel\/"},"author":{"name":"Coletivo 21","@id":"https:\/\/coletivo21.art\/#\/schema\/person\/0a074a441fe369292b021def00d771e2"},"headline":"Erni Jos\u00e9 Seibel \u2022 1952 &#8211; 2022","datePublished":"2023-11-01T01:12:47+00:00","dateModified":"2023-11-01T01:14:50+00:00","mainEntityOfPage":{"@id":"https:\/\/coletivo21.art\/erni-jose-seibel\/"},"wordCount":114,"commentCount":0,"publisher":{"@id":"https:\/\/coletivo21.art\/#organization"},"image":{"@id":"https:\/\/coletivo21.art\/erni-jose-seibel\/#primaryimage"},"thumbnailUrl":"https:\/\/coletivo21.art\/wp-content\/uploads\/2023\/10\/Erni-Seibl.jpg","articleSection":["Blog"],"inLanguage":"en-US","potentialAction":[{"@type":"CommentAction","name":"Comment","target":["https:\/\/coletivo21.art\/erni-jose-seibel\/#respond"]}]},{"@type":"WebPage","@id":"https:\/\/coletivo21.art\/erni-jose-seibel\/","url":"https:\/\/coletivo21.art\/erni-jose-seibel\/","name":"Erni Jos\u00e9 Seibel \u2022 1952 - 2022 - Coletivo 21","isPartOf":{"@id":"https:\/\/coletivo21.art\/#website"},"primaryImageOfPage":{"@id":"https:\/\/coletivo21.art\/erni-jose-seibel\/#primaryimage"},"image":{"@id":"https:\/\/coletivo21.art\/erni-jose-seibel\/#primaryimage"},"thumbnailUrl":"https:\/\/coletivo21.art\/wp-content\/uploads\/2023\/10\/Erni-Seibl.jpg","datePublished":"2023-11-01T01:12:47+00:00","dateModified":"2023-11-01T01:14:50+00:00","description":"Al\u00e9m de professor e pesquisador, Erni Seibel era artista. A \u00faltima delas, anunciada em suas redes sociais, ocorreu em outubro de 2021.","breadcrumb":{"@id":"https:\/\/coletivo21.art\/erni-jose-seibel\/#breadcrumb"},"inLanguage":"en-US","potentialAction":[{"@type":"ReadAction","target":["https:\/\/coletivo21.art\/erni-jose-seibel\/"]}]},{"@type":"ImageObject","inLanguage":"en-US","@id":"https:\/\/coletivo21.art\/erni-jose-seibel\/#primaryimage","url":"https:\/\/coletivo21.art\/wp-content\/uploads\/2023\/10\/Erni-Seibl.jpg","contentUrl":"https:\/\/coletivo21.art\/wp-content\/uploads\/2023\/10\/Erni-Seibl.jpg","width":595,"height":595},{"@type":"BreadcrumbList","@id":"https:\/\/coletivo21.art\/erni-jose-seibel\/#breadcrumb","itemListElement":[{"@type":"ListItem","position":1,"name":"In\u00edcio","item":"https:\/\/coletivo21.art\/"},{"@type":"ListItem","position":2,"name":"Erni Jos\u00e9 Seibel \u2022 1952 &#8211; 2022"}]},{"@type":"WebSite","@id":"https:\/\/coletivo21.art\/#website","url":"https:\/\/coletivo21.art\/","name":"Coletivo 21","description":"Coletivo de Artistas","publisher":{"@id":"https:\/\/coletivo21.art\/#organization"},"potentialAction":[{"@type":"SearchAction","target":{"@type":"EntryPoint","urlTemplate":"https:\/\/coletivo21.art\/?s={search_term_string}"},"query-input":"required name=search_term_string"}],"inLanguage":"en-US"},{"@type":"Organization","@id":"https:\/\/coletivo21.art\/#organization","name":"Coletivo 21","url":"https:\/\/coletivo21.art\/","logo":{"@type":"ImageObject","inLanguage":"en-US","@id":"https:\/\/coletivo21.art\/#\/schema\/logo\/image\/","url":"https:\/\/coletivo21.art\/wp-content\/uploads\/2023\/08\/C21PL.png","contentUrl":"https:\/\/coletivo21.art\/wp-content\/uploads\/2023\/08\/C21PL.png","width":976,"height":231,"caption":"Coletivo 21"},"image":{"@id":"https:\/\/coletivo21.art\/#\/schema\/logo\/image\/"},"sameAs":["https:\/\/www.instagram.com\/coletivo_21\/"]},{"@type":"Person","@id":"https:\/\/coletivo21.art\/#\/schema\/person\/0a074a441fe369292b021def00d771e2","name":"Coletivo 21","image":{"@type":"ImageObject","inLanguage":"en-US","@id":"https:\/\/coletivo21.art\/#\/schema\/person\/image\/","url":"https:\/\/secure.gravatar.com\/avatar\/1bc6d40dc248750b53e13b33d3534423b594a2619f45b16f21b51c9d34fc54b1?s=96&d=mm&r=g","contentUrl":"https:\/\/secure.gravatar.com\/avatar\/1bc6d40dc248750b53e13b33d3534423b594a2619f45b16f21b51c9d34fc54b1?s=96&d=mm&r=g","caption":"Coletivo 21"},"description":"Somos um coletivo de artistas de diversas regi\u00f5es do Brasil, cada um em sua singularidade, com o desejo em comum de expor sua po\u00e9tica visual.","sameAs":["http:\/\/coletivo21.art"],"url":"https:\/\/coletivo21.art\/en\/author\/coletivo21-art\/"}]}},"_links":{"self":[{"href":"https:\/\/coletivo21.art\/en\/wp-json\/wp\/v2\/posts\/882","targetHints":{"allow":["GET"]}}],"collection":[{"href":"https:\/\/coletivo21.art\/en\/wp-json\/wp\/v2\/posts"}],"about":[{"href":"https:\/\/coletivo21.art\/en\/wp-json\/wp\/v2\/types\/post"}],"author":[{"embeddable":true,"href":"https:\/\/coletivo21.art\/en\/wp-json\/wp\/v2\/users\/1"}],"replies":[{"embeddable":true,"href":"https:\/\/coletivo21.art\/en\/wp-json\/wp\/v2\/comments?post=882"}],"version-history":[{"count":1,"href":"https:\/\/coletivo21.art\/en\/wp-json\/wp\/v2\/posts\/882\/revisions"}],"predecessor-version":[{"id":892,"href":"https:\/\/coletivo21.art\/en\/wp-json\/wp\/v2\/posts\/882\/revisions\/892"}],"wp:featuredmedia":[{"embeddable":true,"href":"https:\/\/coletivo21.art\/en\/wp-json\/wp\/v2\/media\/884"}],"wp:attachment":[{"href":"https:\/\/coletivo21.art\/en\/wp-json\/wp\/v2\/media?parent=882"}],"wp:term":[{"taxonomy":"category","embeddable":true,"href":"https:\/\/coletivo21.art\/en\/wp-json\/wp\/v2\/categories?post=882"},{"taxonomy":"post_tag","embeddable":true,"href":"https:\/\/coletivo21.art\/en\/wp-json\/wp\/v2\/tags?post=882"}],"curies":[{"name":"wp","href":"https:\/\/api.w.org\/{rel}","templated":true}]}}