{"id":846,"date":"2023-10-26T07:57:52","date_gmt":"2023-10-26T10:57:52","guid":{"rendered":"https:\/\/coletivo21.art\/?p=846"},"modified":"2023-11-20T12:02:30","modified_gmt":"2023-11-20T15:02:30","slug":"casa-da-amizade","status":"publish","type":"post","link":"https:\/\/coletivo21.art\/en\/casa-da-amizade\/","title":{"rendered":"Casa da Amizade"},"content":{"rendered":"<p>11\/07\/2023<br>Michaela A F e Zizi Pedrossa foram volunt\u00e1rias ministrando uma Oficina de m\u00e1scaras para crisn\u00e7as e jovens da O.N.G. Casa da Amizade localizada na Comunidade Parais\u00f3polis, em S\u00e3o Paulo, capital.<br>Todos manifestaram interesse e se envolveram na elabora\u00e7\u00e3o e nas posteriores brincadeiras com elas. O contentamento ficou estampado em suas faces durante os registros das fotografias!<br>A troca e o envolvimento, durante a oficina, foi rico para ambas as partes. O Coletivo 21 seguir\u00e1 trabalhando voluntariamente para quest\u00f5es de cunho social.<\/p>\n\n\n\n<figure class=\"wp-block-image size-full\"><img fetchpriority=\"high\" decoding=\"async\" width=\"1024\" height=\"768\" src=\"https:\/\/coletivo21.art\/wp-content\/uploads\/2023\/10\/Casa-da-Amizade-2-21Setembro.jpg\" alt=\"\" class=\"wp-image-849\" srcset=\"https:\/\/coletivo21.art\/wp-content\/uploads\/2023\/10\/Casa-da-Amizade-2-21Setembro.jpg 1024w, https:\/\/coletivo21.art\/wp-content\/uploads\/2023\/10\/Casa-da-Amizade-2-21Setembro-300x225.jpg 300w, https:\/\/coletivo21.art\/wp-content\/uploads\/2023\/10\/Casa-da-Amizade-2-21Setembro-768x576.jpg 768w\" sizes=\"(max-width: 1024px) 100vw, 1024px\" \/><\/figure>\n\n\n\n<p>21\/09\/23 Casa da Amizade. Dando continuidade ao nosso projeto social, hoje foi dia de oficina de pintura sobre cer\u00e2mica! Uma festa! Crian\u00e7as de 7 a 11 anos! Bem animados! Andreia Reis e Michaela A F nos desdobramos para agradar a crian\u00e7ada! Eles curtiram!!<\/p>\n\n\n\n<figure class=\"wp-block-gallery has-nested-images columns-default is-cropped wp-block-gallery-1 is-layout-flex wp-block-gallery-is-layout-flex\">\n<figure class=\"wp-block-image size-large\"><img decoding=\"async\" width=\"768\" height=\"1024\" data-id=\"850\" src=\"https:\/\/coletivo21.art\/wp-content\/uploads\/2023\/10\/Casa-da-Amizade-3-21Setembro.jpg\" alt=\"\" class=\"wp-image-850\" srcset=\"https:\/\/coletivo21.art\/wp-content\/uploads\/2023\/10\/Casa-da-Amizade-3-21Setembro.jpg 768w, https:\/\/coletivo21.art\/wp-content\/uploads\/2023\/10\/Casa-da-Amizade-3-21Setembro-225x300.jpg 225w\" sizes=\"(max-width: 768px) 100vw, 768px\" \/><\/figure>\n\n\n\n<figure class=\"wp-block-image size-large\"><img decoding=\"async\" width=\"1024\" height=\"461\" data-id=\"851\" src=\"https:\/\/coletivo21.art\/wp-content\/uploads\/2023\/10\/Casa-da-Amizade-4-21Setembro.jpg\" alt=\"\" class=\"wp-image-851\" srcset=\"https:\/\/coletivo21.art\/wp-content\/uploads\/2023\/10\/Casa-da-Amizade-4-21Setembro.jpg 1024w, https:\/\/coletivo21.art\/wp-content\/uploads\/2023\/10\/Casa-da-Amizade-4-21Setembro-300x135.jpg 300w, https:\/\/coletivo21.art\/wp-content\/uploads\/2023\/10\/Casa-da-Amizade-4-21Setembro-768x346.jpg 768w\" sizes=\"(max-width: 1024px) 100vw, 1024px\" \/><\/figure>\n\n\n\n<figure class=\"wp-block-image size-large\"><img loading=\"lazy\" decoding=\"async\" width=\"1024\" height=\"1024\" data-id=\"852\" src=\"https:\/\/coletivo21.art\/wp-content\/uploads\/2023\/10\/Paraisopolis-1-1024x1024.jpg\" alt=\"\" class=\"wp-image-852\" srcset=\"https:\/\/coletivo21.art\/wp-content\/uploads\/2023\/10\/Paraisopolis-1-1024x1024.jpg 1024w, https:\/\/coletivo21.art\/wp-content\/uploads\/2023\/10\/Paraisopolis-1-300x300.jpg 300w, https:\/\/coletivo21.art\/wp-content\/uploads\/2023\/10\/Paraisopolis-1-150x150.jpg 150w, https:\/\/coletivo21.art\/wp-content\/uploads\/2023\/10\/Paraisopolis-1-768x768.jpg 768w, https:\/\/coletivo21.art\/wp-content\/uploads\/2023\/10\/Paraisopolis-1-1536x1536.jpg 1536w, https:\/\/coletivo21.art\/wp-content\/uploads\/2023\/10\/Paraisopolis-1.jpg 1600w\" sizes=\"(max-width: 1024px) 100vw, 1024px\" \/><\/figure>\n\n\n\n<figure class=\"wp-block-image size-large\"><img loading=\"lazy\" decoding=\"async\" width=\"1024\" height=\"1024\" data-id=\"853\" src=\"https:\/\/coletivo21.art\/wp-content\/uploads\/2023\/10\/Paraisopolis-2-1024x1024.jpg\" alt=\"\" class=\"wp-image-853\" srcset=\"https:\/\/coletivo21.art\/wp-content\/uploads\/2023\/10\/Paraisopolis-2-1024x1024.jpg 1024w, https:\/\/coletivo21.art\/wp-content\/uploads\/2023\/10\/Paraisopolis-2-300x300.jpg 300w, https:\/\/coletivo21.art\/wp-content\/uploads\/2023\/10\/Paraisopolis-2-150x150.jpg 150w, https:\/\/coletivo21.art\/wp-content\/uploads\/2023\/10\/Paraisopolis-2-768x768.jpg 768w, https:\/\/coletivo21.art\/wp-content\/uploads\/2023\/10\/Paraisopolis-2-1536x1536.jpg 1536w, https:\/\/coletivo21.art\/wp-content\/uploads\/2023\/10\/Paraisopolis-2.jpg 1600w\" sizes=\"(max-width: 1024px) 100vw, 1024px\" \/><\/figure>\n\n\n\n<figure class=\"wp-block-image size-large\"><img loading=\"lazy\" decoding=\"async\" width=\"1024\" height=\"1024\" data-id=\"854\" src=\"https:\/\/coletivo21.art\/wp-content\/uploads\/2023\/10\/Paraisopolis-3-1024x1024.jpg\" alt=\"\" class=\"wp-image-854\" srcset=\"https:\/\/coletivo21.art\/wp-content\/uploads\/2023\/10\/Paraisopolis-3-1024x1024.jpg 1024w, https:\/\/coletivo21.art\/wp-content\/uploads\/2023\/10\/Paraisopolis-3-300x300.jpg 300w, https:\/\/coletivo21.art\/wp-content\/uploads\/2023\/10\/Paraisopolis-3-150x150.jpg 150w, https:\/\/coletivo21.art\/wp-content\/uploads\/2023\/10\/Paraisopolis-3-768x768.jpg 768w, https:\/\/coletivo21.art\/wp-content\/uploads\/2023\/10\/Paraisopolis-3-1536x1536.jpg 1536w, https:\/\/coletivo21.art\/wp-content\/uploads\/2023\/10\/Paraisopolis-3.jpg 1600w\" sizes=\"(max-width: 1024px) 100vw, 1024px\" \/><\/figure>\n\n\n\n<figure class=\"wp-block-image size-large\"><img loading=\"lazy\" decoding=\"async\" width=\"1024\" height=\"1024\" data-id=\"855\" src=\"https:\/\/coletivo21.art\/wp-content\/uploads\/2023\/10\/Paraisopolis-4-1024x1024.jpg\" alt=\"\" class=\"wp-image-855\" srcset=\"https:\/\/coletivo21.art\/wp-content\/uploads\/2023\/10\/Paraisopolis-4-1024x1024.jpg 1024w, https:\/\/coletivo21.art\/wp-content\/uploads\/2023\/10\/Paraisopolis-4-300x300.jpg 300w, https:\/\/coletivo21.art\/wp-content\/uploads\/2023\/10\/Paraisopolis-4-150x150.jpg 150w, https:\/\/coletivo21.art\/wp-content\/uploads\/2023\/10\/Paraisopolis-4-768x768.jpg 768w, https:\/\/coletivo21.art\/wp-content\/uploads\/2023\/10\/Paraisopolis-4-1536x1536.jpg 1536w, https:\/\/coletivo21.art\/wp-content\/uploads\/2023\/10\/Paraisopolis-4.jpg 1600w\" sizes=\"(max-width: 1024px) 100vw, 1024px\" \/><\/figure>\n\n\n\n<figure class=\"wp-block-image size-large\"><img loading=\"lazy\" decoding=\"async\" width=\"1024\" height=\"1024\" data-id=\"856\" src=\"https:\/\/coletivo21.art\/wp-content\/uploads\/2023\/10\/Paraisopolis-5-1024x1024.jpg\" alt=\"\" class=\"wp-image-856\" srcset=\"https:\/\/coletivo21.art\/wp-content\/uploads\/2023\/10\/Paraisopolis-5-1024x1024.jpg 1024w, https:\/\/coletivo21.art\/wp-content\/uploads\/2023\/10\/Paraisopolis-5-300x300.jpg 300w, https:\/\/coletivo21.art\/wp-content\/uploads\/2023\/10\/Paraisopolis-5-150x150.jpg 150w, https:\/\/coletivo21.art\/wp-content\/uploads\/2023\/10\/Paraisopolis-5-768x768.jpg 768w, https:\/\/coletivo21.art\/wp-content\/uploads\/2023\/10\/Paraisopolis-5-1536x1536.jpg 1536w, https:\/\/coletivo21.art\/wp-content\/uploads\/2023\/10\/Paraisopolis-5.jpg 1600w\" sizes=\"(max-width: 1024px) 100vw, 1024px\" \/><\/figure>\n\n\n\n<figure class=\"wp-block-image size-large\"><img loading=\"lazy\" decoding=\"async\" width=\"1024\" height=\"1024\" data-id=\"857\" src=\"https:\/\/coletivo21.art\/wp-content\/uploads\/2023\/10\/Paraisopolis-6-1024x1024.jpg\" alt=\"\" class=\"wp-image-857\" srcset=\"https:\/\/coletivo21.art\/wp-content\/uploads\/2023\/10\/Paraisopolis-6-1024x1024.jpg 1024w, https:\/\/coletivo21.art\/wp-content\/uploads\/2023\/10\/Paraisopolis-6-300x300.jpg 300w, https:\/\/coletivo21.art\/wp-content\/uploads\/2023\/10\/Paraisopolis-6-150x150.jpg 150w, https:\/\/coletivo21.art\/wp-content\/uploads\/2023\/10\/Paraisopolis-6-768x768.jpg 768w, https:\/\/coletivo21.art\/wp-content\/uploads\/2023\/10\/Paraisopolis-6-1536x1536.jpg 1536w, https:\/\/coletivo21.art\/wp-content\/uploads\/2023\/10\/Paraisopolis-6.jpg 1600w\" sizes=\"(max-width: 1024px) 100vw, 1024px\" \/><\/figure>\n\n\n\n<figure class=\"wp-block-image size-large\"><img loading=\"lazy\" decoding=\"async\" width=\"1024\" height=\"1024\" data-id=\"858\" src=\"https:\/\/coletivo21.art\/wp-content\/uploads\/2023\/10\/Paraisopolis-7-1024x1024.jpg\" alt=\"\" class=\"wp-image-858\" srcset=\"https:\/\/coletivo21.art\/wp-content\/uploads\/2023\/10\/Paraisopolis-7-1024x1024.jpg 1024w, https:\/\/coletivo21.art\/wp-content\/uploads\/2023\/10\/Paraisopolis-7-300x300.jpg 300w, https:\/\/coletivo21.art\/wp-content\/uploads\/2023\/10\/Paraisopolis-7-150x150.jpg 150w, https:\/\/coletivo21.art\/wp-content\/uploads\/2023\/10\/Paraisopolis-7-768x768.jpg 768w, https:\/\/coletivo21.art\/wp-content\/uploads\/2023\/10\/Paraisopolis-7-1536x1536.jpg 1536w, https:\/\/coletivo21.art\/wp-content\/uploads\/2023\/10\/Paraisopolis-7.jpg 1600w\" sizes=\"(max-width: 1024px) 100vw, 1024px\" \/><\/figure>\n\n\n\n<figure class=\"wp-block-image size-large\"><img loading=\"lazy\" decoding=\"async\" width=\"1024\" height=\"1024\" data-id=\"859\" src=\"https:\/\/coletivo21.art\/wp-content\/uploads\/2023\/10\/Paraisopolis-8-1024x1024.jpg\" alt=\"\" class=\"wp-image-859\" srcset=\"https:\/\/coletivo21.art\/wp-content\/uploads\/2023\/10\/Paraisopolis-8-1024x1024.jpg 1024w, https:\/\/coletivo21.art\/wp-content\/uploads\/2023\/10\/Paraisopolis-8-300x300.jpg 300w, https:\/\/coletivo21.art\/wp-content\/uploads\/2023\/10\/Paraisopolis-8-150x150.jpg 150w, https:\/\/coletivo21.art\/wp-content\/uploads\/2023\/10\/Paraisopolis-8-768x768.jpg 768w, https:\/\/coletivo21.art\/wp-content\/uploads\/2023\/10\/Paraisopolis-8-1536x1536.jpg 1536w, https:\/\/coletivo21.art\/wp-content\/uploads\/2023\/10\/Paraisopolis-8.jpg 1600w\" sizes=\"(max-width: 1024px) 100vw, 1024px\" \/><\/figure>\n\n\n\n<figure class=\"wp-block-image size-large\"><img loading=\"lazy\" decoding=\"async\" width=\"461\" height=\"1024\" data-id=\"860\" src=\"https:\/\/coletivo21.art\/wp-content\/uploads\/2023\/10\/Paraisopolis-9-461x1024.jpg\" alt=\"\" class=\"wp-image-860\" srcset=\"https:\/\/coletivo21.art\/wp-content\/uploads\/2023\/10\/Paraisopolis-9-461x1024.jpg 461w, https:\/\/coletivo21.art\/wp-content\/uploads\/2023\/10\/Paraisopolis-9-135x300.jpg 135w, https:\/\/coletivo21.art\/wp-content\/uploads\/2023\/10\/Paraisopolis-9-692x1536.jpg 692w, https:\/\/coletivo21.art\/wp-content\/uploads\/2023\/10\/Paraisopolis-9.jpg 721w\" sizes=\"(max-width: 461px) 100vw, 461px\" \/><\/figure>\n<\/figure>","protected":false},"excerpt":{"rendered":"<p>11\/07\/2023Michaela A F e Zizi Pedrossa foram volunt\u00e1rias ministrando uma Oficina de m\u00e1scaras para crisn\u00e7as e jovens da O.N.G. Casa da Amizade localizada na Comunidade Parais\u00f3polis, em S\u00e3o Paulo, capital.Todos manifestaram interesse e se envolveram na elabora\u00e7\u00e3o e nas posteriores brincadeiras com elas. O contentamento ficou estampado em suas faces durante os registros das fotografias!A [&hellip;]<\/p>","protected":false},"author":1,"featured_media":848,"comment_status":"open","ping_status":"open","sticky":false,"template":"","format":"standard","meta":{"footnotes":""},"categories":[1],"tags":[],"class_list":["post-846","post","type-post","status-publish","format-standard","has-post-thumbnail","hentry","category-blog"],"yoast_head":"<!-- This site is optimized with the Yoast SEO Premium plugin v22.8 (Yoast SEO v22.8) - https:\/\/yoast.com\/wordpress\/plugins\/seo\/ -->\n<title>Casa da Amizade - Coletivo 21<\/title>\n<meta name=\"description\" content=\"Primeira oficina com colabora\u00e7\u00e3o do Coletivo 21 na Casa da Amizade! Oficina de m\u00e1scaras - idealiza\u00e7\u00e3o L\u00facia.\" \/>\n<meta name=\"robots\" content=\"index, follow, max-snippet:-1, max-image-preview:large, max-video-preview:-1\" \/>\n<link rel=\"canonical\" href=\"https:\/\/coletivo21.art\/en\/casa-da-amizade\/\" \/>\n<meta property=\"og:locale\" content=\"en_US\" \/>\n<meta property=\"og:type\" content=\"article\" \/>\n<meta property=\"og:title\" content=\"Casa da Amizade\" \/>\n<meta property=\"og:description\" content=\"Primeira oficina com colabora\u00e7\u00e3o do Coletivo 21 na Casa da Amizade! Oficina de m\u00e1scaras - idealiza\u00e7\u00e3o L\u00facia.\" \/>\n<meta property=\"og:url\" content=\"https:\/\/coletivo21.art\/en\/casa-da-amizade\/\" \/>\n<meta property=\"og:site_name\" content=\"Coletivo 21\" \/>\n<meta property=\"article:published_time\" content=\"2023-10-26T10:57:52+00:00\" \/>\n<meta property=\"article:modified_time\" content=\"2023-11-20T15:02:30+00:00\" \/>\n<meta property=\"og:image\" content=\"https:\/\/coletivo21.art\/wp-content\/uploads\/2023\/10\/Casa-da-Amizade-1-21Setembro.jpg\" \/>\n\t<meta property=\"og:image:width\" content=\"1600\" \/>\n\t<meta property=\"og:image:height\" content=\"1200\" \/>\n\t<meta property=\"og:image:type\" content=\"image\/jpeg\" \/>\n<meta name=\"author\" content=\"Coletivo 21\" \/>\n<meta name=\"twitter:card\" content=\"summary_large_image\" \/>\n<meta name=\"twitter:label1\" content=\"Written by\" \/>\n\t<meta name=\"twitter:data1\" content=\"Coletivo 21\" \/>\n\t<meta name=\"twitter:label2\" content=\"Est. reading time\" \/>\n\t<meta name=\"twitter:data2\" content=\"4 minutes\" \/>\n<script type=\"application\/ld+json\" class=\"yoast-schema-graph\">{\"@context\":\"https:\/\/schema.org\",\"@graph\":[{\"@type\":\"Article\",\"@id\":\"https:\/\/coletivo21.art\/casa-da-amizade\/#article\",\"isPartOf\":{\"@id\":\"https:\/\/coletivo21.art\/casa-da-amizade\/\"},\"author\":{\"name\":\"Coletivo 21\",\"@id\":\"https:\/\/coletivo21.art\/#\/schema\/person\/0a074a441fe369292b021def00d771e2\"},\"headline\":\"Casa da Amizade\",\"datePublished\":\"2023-10-26T10:57:52+00:00\",\"dateModified\":\"2023-11-20T15:02:30+00:00\",\"mainEntityOfPage\":{\"@id\":\"https:\/\/coletivo21.art\/casa-da-amizade\/\"},\"wordCount\":135,\"commentCount\":0,\"publisher\":{\"@id\":\"https:\/\/coletivo21.art\/#organization\"},\"image\":{\"@id\":\"https:\/\/coletivo21.art\/casa-da-amizade\/#primaryimage\"},\"thumbnailUrl\":\"https:\/\/coletivo21.art\/wp-content\/uploads\/2023\/10\/Casa-da-Amizade-1-21Setembro.jpg\",\"articleSection\":[\"Blog\"],\"inLanguage\":\"en-US\",\"potentialAction\":[{\"@type\":\"CommentAction\",\"name\":\"Comment\",\"target\":[\"https:\/\/coletivo21.art\/casa-da-amizade\/#respond\"]}]},{\"@type\":\"WebPage\",\"@id\":\"https:\/\/coletivo21.art\/casa-da-amizade\/\",\"url\":\"https:\/\/coletivo21.art\/casa-da-amizade\/\",\"name\":\"Casa da Amizade - Coletivo 21\",\"isPartOf\":{\"@id\":\"https:\/\/coletivo21.art\/#website\"},\"primaryImageOfPage\":{\"@id\":\"https:\/\/coletivo21.art\/casa-da-amizade\/#primaryimage\"},\"image\":{\"@id\":\"https:\/\/coletivo21.art\/casa-da-amizade\/#primaryimage\"},\"thumbnailUrl\":\"https:\/\/coletivo21.art\/wp-content\/uploads\/2023\/10\/Casa-da-Amizade-1-21Setembro.jpg\",\"datePublished\":\"2023-10-26T10:57:52+00:00\",\"dateModified\":\"2023-11-20T15:02:30+00:00\",\"description\":\"Primeira oficina com colabora\u00e7\u00e3o do Coletivo 21 na Casa da Amizade! Oficina de m\u00e1scaras - idealiza\u00e7\u00e3o L\u00facia.\",\"breadcrumb\":{\"@id\":\"https:\/\/coletivo21.art\/casa-da-amizade\/#breadcrumb\"},\"inLanguage\":\"en-US\",\"potentialAction\":[{\"@type\":\"ReadAction\",\"target\":[\"https:\/\/coletivo21.art\/casa-da-amizade\/\"]}]},{\"@type\":\"ImageObject\",\"inLanguage\":\"en-US\",\"@id\":\"https:\/\/coletivo21.art\/casa-da-amizade\/#primaryimage\",\"url\":\"https:\/\/coletivo21.art\/wp-content\/uploads\/2023\/10\/Casa-da-Amizade-1-21Setembro.jpg\",\"contentUrl\":\"https:\/\/coletivo21.art\/wp-content\/uploads\/2023\/10\/Casa-da-Amizade-1-21Setembro.jpg\",\"width\":1600,\"height\":1200},{\"@type\":\"BreadcrumbList\",\"@id\":\"https:\/\/coletivo21.art\/casa-da-amizade\/#breadcrumb\",\"itemListElement\":[{\"@type\":\"ListItem\",\"position\":1,\"name\":\"In\u00edcio\",\"item\":\"https:\/\/coletivo21.art\/\"},{\"@type\":\"ListItem\",\"position\":2,\"name\":\"Casa da Amizade\"}]},{\"@type\":\"WebSite\",\"@id\":\"https:\/\/coletivo21.art\/#website\",\"url\":\"https:\/\/coletivo21.art\/\",\"name\":\"Coletivo 21\",\"description\":\"Coletivo de Artistas\",\"publisher\":{\"@id\":\"https:\/\/coletivo21.art\/#organization\"},\"potentialAction\":[{\"@type\":\"SearchAction\",\"target\":{\"@type\":\"EntryPoint\",\"urlTemplate\":\"https:\/\/coletivo21.art\/?s={search_term_string}\"},\"query-input\":\"required name=search_term_string\"}],\"inLanguage\":\"en-US\"},{\"@type\":\"Organization\",\"@id\":\"https:\/\/coletivo21.art\/#organization\",\"name\":\"Coletivo 21\",\"url\":\"https:\/\/coletivo21.art\/\",\"logo\":{\"@type\":\"ImageObject\",\"inLanguage\":\"en-US\",\"@id\":\"https:\/\/coletivo21.art\/#\/schema\/logo\/image\/\",\"url\":\"https:\/\/coletivo21.art\/wp-content\/uploads\/2023\/08\/C21PL.png\",\"contentUrl\":\"https:\/\/coletivo21.art\/wp-content\/uploads\/2023\/08\/C21PL.png\",\"width\":976,\"height\":231,\"caption\":\"Coletivo 21\"},\"image\":{\"@id\":\"https:\/\/coletivo21.art\/#\/schema\/logo\/image\/\"},\"sameAs\":[\"https:\/\/www.instagram.com\/coletivo_21\/\"]},{\"@type\":\"Person\",\"@id\":\"https:\/\/coletivo21.art\/#\/schema\/person\/0a074a441fe369292b021def00d771e2\",\"name\":\"Coletivo 21\",\"image\":{\"@type\":\"ImageObject\",\"inLanguage\":\"en-US\",\"@id\":\"https:\/\/coletivo21.art\/#\/schema\/person\/image\/\",\"url\":\"https:\/\/secure.gravatar.com\/avatar\/1bc6d40dc248750b53e13b33d3534423b594a2619f45b16f21b51c9d34fc54b1?s=96&d=mm&r=g\",\"contentUrl\":\"https:\/\/secure.gravatar.com\/avatar\/1bc6d40dc248750b53e13b33d3534423b594a2619f45b16f21b51c9d34fc54b1?s=96&d=mm&r=g\",\"caption\":\"Coletivo 21\"},\"description\":\"Somos um coletivo de artistas de diversas regi\u00f5es do Brasil, cada um em sua singularidade, com o desejo em comum de expor sua po\u00e9tica visual.\",\"sameAs\":[\"http:\/\/coletivo21.art\"],\"url\":\"https:\/\/coletivo21.art\/en\/author\/coletivo21-art\/\"}]}<\/script>\n<!-- \/ Yoast SEO Premium plugin. -->","yoast_head_json":{"title":"Casa da Amizade - Coletivo 21","description":"Primeira oficina com colabora\u00e7\u00e3o do Coletivo 21 na Casa da Amizade! Oficina de m\u00e1scaras - idealiza\u00e7\u00e3o L\u00facia.","robots":{"index":"index","follow":"follow","max-snippet":"max-snippet:-1","max-image-preview":"max-image-preview:large","max-video-preview":"max-video-preview:-1"},"canonical":"https:\/\/coletivo21.art\/en\/casa-da-amizade\/","og_locale":"en_US","og_type":"article","og_title":"Casa da Amizade","og_description":"Primeira oficina com colabora\u00e7\u00e3o do Coletivo 21 na Casa da Amizade! Oficina de m\u00e1scaras - idealiza\u00e7\u00e3o L\u00facia.","og_url":"https:\/\/coletivo21.art\/en\/casa-da-amizade\/","og_site_name":"Coletivo 21","article_published_time":"2023-10-26T10:57:52+00:00","article_modified_time":"2023-11-20T15:02:30+00:00","og_image":[{"width":1600,"height":1200,"url":"https:\/\/coletivo21.art\/wp-content\/uploads\/2023\/10\/Casa-da-Amizade-1-21Setembro.jpg","type":"image\/jpeg"}],"author":"Coletivo 21","twitter_card":"summary_large_image","twitter_misc":{"Written by":"Coletivo 21","Est. reading time":"4 minutes"},"schema":{"@context":"https:\/\/schema.org","@graph":[{"@type":"Article","@id":"https:\/\/coletivo21.art\/casa-da-amizade\/#article","isPartOf":{"@id":"https:\/\/coletivo21.art\/casa-da-amizade\/"},"author":{"name":"Coletivo 21","@id":"https:\/\/coletivo21.art\/#\/schema\/person\/0a074a441fe369292b021def00d771e2"},"headline":"Casa da Amizade","datePublished":"2023-10-26T10:57:52+00:00","dateModified":"2023-11-20T15:02:30+00:00","mainEntityOfPage":{"@id":"https:\/\/coletivo21.art\/casa-da-amizade\/"},"wordCount":135,"commentCount":0,"publisher":{"@id":"https:\/\/coletivo21.art\/#organization"},"image":{"@id":"https:\/\/coletivo21.art\/casa-da-amizade\/#primaryimage"},"thumbnailUrl":"https:\/\/coletivo21.art\/wp-content\/uploads\/2023\/10\/Casa-da-Amizade-1-21Setembro.jpg","articleSection":["Blog"],"inLanguage":"en-US","potentialAction":[{"@type":"CommentAction","name":"Comment","target":["https:\/\/coletivo21.art\/casa-da-amizade\/#respond"]}]},{"@type":"WebPage","@id":"https:\/\/coletivo21.art\/casa-da-amizade\/","url":"https:\/\/coletivo21.art\/casa-da-amizade\/","name":"Casa da Amizade - Coletivo 21","isPartOf":{"@id":"https:\/\/coletivo21.art\/#website"},"primaryImageOfPage":{"@id":"https:\/\/coletivo21.art\/casa-da-amizade\/#primaryimage"},"image":{"@id":"https:\/\/coletivo21.art\/casa-da-amizade\/#primaryimage"},"thumbnailUrl":"https:\/\/coletivo21.art\/wp-content\/uploads\/2023\/10\/Casa-da-Amizade-1-21Setembro.jpg","datePublished":"2023-10-26T10:57:52+00:00","dateModified":"2023-11-20T15:02:30+00:00","description":"Primeira oficina com colabora\u00e7\u00e3o do Coletivo 21 na Casa da Amizade! Oficina de m\u00e1scaras - idealiza\u00e7\u00e3o L\u00facia.","breadcrumb":{"@id":"https:\/\/coletivo21.art\/casa-da-amizade\/#breadcrumb"},"inLanguage":"en-US","potentialAction":[{"@type":"ReadAction","target":["https:\/\/coletivo21.art\/casa-da-amizade\/"]}]},{"@type":"ImageObject","inLanguage":"en-US","@id":"https:\/\/coletivo21.art\/casa-da-amizade\/#primaryimage","url":"https:\/\/coletivo21.art\/wp-content\/uploads\/2023\/10\/Casa-da-Amizade-1-21Setembro.jpg","contentUrl":"https:\/\/coletivo21.art\/wp-content\/uploads\/2023\/10\/Casa-da-Amizade-1-21Setembro.jpg","width":1600,"height":1200},{"@type":"BreadcrumbList","@id":"https:\/\/coletivo21.art\/casa-da-amizade\/#breadcrumb","itemListElement":[{"@type":"ListItem","position":1,"name":"In\u00edcio","item":"https:\/\/coletivo21.art\/"},{"@type":"ListItem","position":2,"name":"Casa da Amizade"}]},{"@type":"WebSite","@id":"https:\/\/coletivo21.art\/#website","url":"https:\/\/coletivo21.art\/","name":"Coletivo 21","description":"Coletivo de Artistas","publisher":{"@id":"https:\/\/coletivo21.art\/#organization"},"potentialAction":[{"@type":"SearchAction","target":{"@type":"EntryPoint","urlTemplate":"https:\/\/coletivo21.art\/?s={search_term_string}"},"query-input":"required name=search_term_string"}],"inLanguage":"en-US"},{"@type":"Organization","@id":"https:\/\/coletivo21.art\/#organization","name":"Coletivo 21","url":"https:\/\/coletivo21.art\/","logo":{"@type":"ImageObject","inLanguage":"en-US","@id":"https:\/\/coletivo21.art\/#\/schema\/logo\/image\/","url":"https:\/\/coletivo21.art\/wp-content\/uploads\/2023\/08\/C21PL.png","contentUrl":"https:\/\/coletivo21.art\/wp-content\/uploads\/2023\/08\/C21PL.png","width":976,"height":231,"caption":"Coletivo 21"},"image":{"@id":"https:\/\/coletivo21.art\/#\/schema\/logo\/image\/"},"sameAs":["https:\/\/www.instagram.com\/coletivo_21\/"]},{"@type":"Person","@id":"https:\/\/coletivo21.art\/#\/schema\/person\/0a074a441fe369292b021def00d771e2","name":"Coletivo 21","image":{"@type":"ImageObject","inLanguage":"en-US","@id":"https:\/\/coletivo21.art\/#\/schema\/person\/image\/","url":"https:\/\/secure.gravatar.com\/avatar\/1bc6d40dc248750b53e13b33d3534423b594a2619f45b16f21b51c9d34fc54b1?s=96&d=mm&r=g","contentUrl":"https:\/\/secure.gravatar.com\/avatar\/1bc6d40dc248750b53e13b33d3534423b594a2619f45b16f21b51c9d34fc54b1?s=96&d=mm&r=g","caption":"Coletivo 21"},"description":"Somos um coletivo de artistas de diversas regi\u00f5es do Brasil, cada um em sua singularidade, com o desejo em comum de expor sua po\u00e9tica visual.","sameAs":["http:\/\/coletivo21.art"],"url":"https:\/\/coletivo21.art\/en\/author\/coletivo21-art\/"}]}},"_links":{"self":[{"href":"https:\/\/coletivo21.art\/en\/wp-json\/wp\/v2\/posts\/846","targetHints":{"allow":["GET"]}}],"collection":[{"href":"https:\/\/coletivo21.art\/en\/wp-json\/wp\/v2\/posts"}],"about":[{"href":"https:\/\/coletivo21.art\/en\/wp-json\/wp\/v2\/types\/post"}],"author":[{"embeddable":true,"href":"https:\/\/coletivo21.art\/en\/wp-json\/wp\/v2\/users\/1"}],"replies":[{"embeddable":true,"href":"https:\/\/coletivo21.art\/en\/wp-json\/wp\/v2\/comments?post=846"}],"version-history":[{"count":5,"href":"https:\/\/coletivo21.art\/en\/wp-json\/wp\/v2\/posts\/846\/revisions"}],"predecessor-version":[{"id":998,"href":"https:\/\/coletivo21.art\/en\/wp-json\/wp\/v2\/posts\/846\/revisions\/998"}],"wp:featuredmedia":[{"embeddable":true,"href":"https:\/\/coletivo21.art\/en\/wp-json\/wp\/v2\/media\/848"}],"wp:attachment":[{"href":"https:\/\/coletivo21.art\/en\/wp-json\/wp\/v2\/media?parent=846"}],"wp:term":[{"taxonomy":"category","embeddable":true,"href":"https:\/\/coletivo21.art\/en\/wp-json\/wp\/v2\/categories?post=846"},{"taxonomy":"post_tag","embeddable":true,"href":"https:\/\/coletivo21.art\/en\/wp-json\/wp\/v2\/tags?post=846"}],"curies":[{"name":"wp","href":"https:\/\/api.w.org\/{rel}","templated":true}]}}