{"id":689,"date":"2023-09-17T21:57:21","date_gmt":"2023-09-18T00:57:21","guid":{"rendered":"https:\/\/coletivo21.art\/?p=689"},"modified":"2023-11-06T22:03:25","modified_gmt":"2023-11-07T01:03:25","slug":"encontros-e-tal-exposicao-de-arte","status":"publish","type":"post","link":"https:\/\/coletivo21.art\/en\/encontros-e-tal-exposicao-de-arte\/","title":{"rendered":"Encontros e tal &#8211; Exposi\u00e7\u00e3o de arte"},"content":{"rendered":"<p>Alegria, encontro, conex\u00e3o \u00e9 o que buscamos quando sa\u00edmos para espairecer\u2026<\/p>\n\n\n\n<p>outros pontos de vista, experi\u00eancias trocadas que nos enriquecem, provocam, instigam a sair da zona de conforto. Esse cruzamento de viv\u00eancias intensifica-se quando mediado pela cerveja\u2026 sabores, aromas, eleva\u00e7\u00e3o da temperatura, dilata\u00e7\u00e3o das pupilas, altera\u00e7\u00f5es na percep\u00e7\u00e3o s\u00e3o sinais corporais que d\u00e3o passagem para um afrouxamento das amarras, libera\u00e7\u00e3o de sorrisos e da fala. Nessa frequ\u00eancia, novas camadas s\u00e3o acionadas revelando aspectos peculiares que no dia a dia s\u00e3o resguardados pelos pap\u00e9is que assumimos socialmente.<\/p>\n\n\n\n<p>\u00c9 neste contexto que os artistas participantes da exposi\u00e7\u00e3o inserem seus trabalhos, no intuito de criarem novas propostas de di\u00e1logos, provocarem deslocamentos e reflex\u00f5es sobre fatos corriqueiros da vida.<\/p>\n\n\n\n<p>Obras expostas no espa\u00e7o ZECA de Cultura e Arte da<br>Cervejaria Zuraffa em maio de 2022.<br>Rua Artur de Azevedo, 1902 &#8211; Pinheiros &#8211; S\u00e3o Paulo-SP<\/p>\n\n\n\n<p>@zeca_culturaearte<br>@cervejariazuraffa<br>Realiza\u00e7\u00e3o: Coletivo 21<br>@coletivo_21<br>Organiza\u00e7\u00e3o: Ant\u00f4nio Carlos de Lima<br>@atonilima<br>Produ\u00e7\u00e3o da exposi\u00e7\u00e3o: finePhoto<br>@finephotofotografiadeviagem<br>Programa\u00e7\u00e3o visual e<br>diagrama\u00e7\u00e3o do cat\u00e1logo: Rony Costa<br>@ronycosta.photo<\/p>\n\n\n\n<p>Acesse a Exposi\u00e7\u00e3o: https:\/\/antoniocarloslima7.wixsite.com\/expozuraffa2022<\/p>","protected":false},"excerpt":{"rendered":"<p>Alegria, encontro, conex\u00e3o \u00e9 o que buscamos quando sa\u00edmos para espairecer\u2026 outros pontos de vista, experi\u00eancias trocadas que nos enriquecem, provocam, instigam a sair da zona de conforto. Esse cruzamento de viv\u00eancias intensifica-se quando mediado pela cerveja\u2026 sabores, aromas, eleva\u00e7\u00e3o da temperatura, dilata\u00e7\u00e3o das pupilas, altera\u00e7\u00f5es na percep\u00e7\u00e3o s\u00e3o sinais corporais que d\u00e3o passagem para [&hellip;]<\/p>","protected":false},"author":1,"featured_media":690,"comment_status":"open","ping_status":"open","sticky":false,"template":"","format":"standard","meta":{"footnotes":""},"categories":[1],"tags":[],"class_list":["post-689","post","type-post","status-publish","format-standard","has-post-thumbnail","hentry","category-blog"],"yoast_head":"<!-- This site is optimized with the Yoast SEO Premium plugin v22.8 (Yoast SEO v22.8) - https:\/\/yoast.com\/wordpress\/plugins\/seo\/ -->\n<title>Encontros e tal - Exposi\u00e7\u00e3o de arte - Coletivo 21<\/title>\n<meta name=\"robots\" content=\"index, follow, max-snippet:-1, max-image-preview:large, max-video-preview:-1\" \/>\n<link rel=\"canonical\" href=\"https:\/\/coletivo21.art\/en\/encontros-e-tal-exposicao-de-arte\/\" \/>\n<meta property=\"og:locale\" content=\"en_US\" \/>\n<meta property=\"og:type\" content=\"article\" \/>\n<meta property=\"og:title\" content=\"Encontros e tal - Exposi\u00e7\u00e3o de arte\" \/>\n<meta property=\"og:description\" content=\"Alegria, encontro, conex\u00e3o \u00e9 o que buscamos quando sa\u00edmos para espairecer\u2026 outros pontos de vista, experi\u00eancias trocadas que nos enriquecem, provocam, instigam a sair da zona de conforto. Esse cruzamento de viv\u00eancias intensifica-se quando mediado pela cerveja\u2026 sabores, aromas, eleva\u00e7\u00e3o da temperatura, dilata\u00e7\u00e3o das pupilas, altera\u00e7\u00f5es na percep\u00e7\u00e3o s\u00e3o sinais corporais que d\u00e3o passagem para [&hellip;]\" \/>\n<meta property=\"og:url\" content=\"https:\/\/coletivo21.art\/en\/encontros-e-tal-exposicao-de-arte\/\" \/>\n<meta property=\"og:site_name\" content=\"Coletivo 21\" \/>\n<meta property=\"article:published_time\" content=\"2023-09-18T00:57:21+00:00\" \/>\n<meta property=\"article:modified_time\" content=\"2023-11-07T01:03:25+00:00\" \/>\n<meta property=\"og:image\" content=\"https:\/\/coletivo21.art\/wp-content\/uploads\/2023\/09\/Captura-de-tela-2023-09-17-215520.png\" \/>\n\t<meta property=\"og:image:width\" content=\"1196\" \/>\n\t<meta property=\"og:image:height\" content=\"774\" \/>\n\t<meta property=\"og:image:type\" content=\"image\/png\" \/>\n<meta name=\"author\" content=\"Coletivo 21\" \/>\n<meta name=\"twitter:card\" content=\"summary_large_image\" \/>\n<meta name=\"twitter:label1\" content=\"Written by\" \/>\n\t<meta name=\"twitter:data1\" content=\"Coletivo 21\" \/>\n\t<meta name=\"twitter:label2\" content=\"Est. reading time\" \/>\n\t<meta name=\"twitter:data2\" content=\"1 minute\" \/>\n<script type=\"application\/ld+json\" class=\"yoast-schema-graph\">{\"@context\":\"https:\/\/schema.org\",\"@graph\":[{\"@type\":\"Article\",\"@id\":\"https:\/\/coletivo21.art\/encontros-e-tal-exposicao-de-arte\/#article\",\"isPartOf\":{\"@id\":\"https:\/\/coletivo21.art\/encontros-e-tal-exposicao-de-arte\/\"},\"author\":{\"name\":\"Coletivo 21\",\"@id\":\"https:\/\/coletivo21.art\/#\/schema\/person\/0a074a441fe369292b021def00d771e2\"},\"headline\":\"Encontros e tal &#8211; Exposi\u00e7\u00e3o de arte\",\"datePublished\":\"2023-09-18T00:57:21+00:00\",\"dateModified\":\"2023-11-07T01:03:25+00:00\",\"mainEntityOfPage\":{\"@id\":\"https:\/\/coletivo21.art\/encontros-e-tal-exposicao-de-arte\/\"},\"wordCount\":204,\"commentCount\":0,\"publisher\":{\"@id\":\"https:\/\/coletivo21.art\/#organization\"},\"image\":{\"@id\":\"https:\/\/coletivo21.art\/encontros-e-tal-exposicao-de-arte\/#primaryimage\"},\"thumbnailUrl\":\"https:\/\/coletivo21.art\/wp-content\/uploads\/2023\/09\/Captura-de-tela-2023-09-17-215520.jpg\",\"articleSection\":[\"Blog\"],\"inLanguage\":\"en-US\",\"potentialAction\":[{\"@type\":\"CommentAction\",\"name\":\"Comment\",\"target\":[\"https:\/\/coletivo21.art\/encontros-e-tal-exposicao-de-arte\/#respond\"]}]},{\"@type\":\"WebPage\",\"@id\":\"https:\/\/coletivo21.art\/encontros-e-tal-exposicao-de-arte\/\",\"url\":\"https:\/\/coletivo21.art\/encontros-e-tal-exposicao-de-arte\/\",\"name\":\"Encontros e tal - Exposi\u00e7\u00e3o de arte - Coletivo 21\",\"isPartOf\":{\"@id\":\"https:\/\/coletivo21.art\/#website\"},\"primaryImageOfPage\":{\"@id\":\"https:\/\/coletivo21.art\/encontros-e-tal-exposicao-de-arte\/#primaryimage\"},\"image\":{\"@id\":\"https:\/\/coletivo21.art\/encontros-e-tal-exposicao-de-arte\/#primaryimage\"},\"thumbnailUrl\":\"https:\/\/coletivo21.art\/wp-content\/uploads\/2023\/09\/Captura-de-tela-2023-09-17-215520.jpg\",\"datePublished\":\"2023-09-18T00:57:21+00:00\",\"dateModified\":\"2023-11-07T01:03:25+00:00\",\"breadcrumb\":{\"@id\":\"https:\/\/coletivo21.art\/encontros-e-tal-exposicao-de-arte\/#breadcrumb\"},\"inLanguage\":\"en-US\",\"potentialAction\":[{\"@type\":\"ReadAction\",\"target\":[\"https:\/\/coletivo21.art\/encontros-e-tal-exposicao-de-arte\/\"]}]},{\"@type\":\"ImageObject\",\"inLanguage\":\"en-US\",\"@id\":\"https:\/\/coletivo21.art\/encontros-e-tal-exposicao-de-arte\/#primaryimage\",\"url\":\"https:\/\/coletivo21.art\/wp-content\/uploads\/2023\/09\/Captura-de-tela-2023-09-17-215520.jpg\",\"contentUrl\":\"https:\/\/coletivo21.art\/wp-content\/uploads\/2023\/09\/Captura-de-tela-2023-09-17-215520.jpg\",\"width\":1196,\"height\":774},{\"@type\":\"BreadcrumbList\",\"@id\":\"https:\/\/coletivo21.art\/encontros-e-tal-exposicao-de-arte\/#breadcrumb\",\"itemListElement\":[{\"@type\":\"ListItem\",\"position\":1,\"name\":\"In\u00edcio\",\"item\":\"https:\/\/coletivo21.art\/\"},{\"@type\":\"ListItem\",\"position\":2,\"name\":\"Encontros e tal &#8211; Exposi\u00e7\u00e3o de arte\"}]},{\"@type\":\"WebSite\",\"@id\":\"https:\/\/coletivo21.art\/#website\",\"url\":\"https:\/\/coletivo21.art\/\",\"name\":\"Coletivo 21\",\"description\":\"Coletivo de Artistas\",\"publisher\":{\"@id\":\"https:\/\/coletivo21.art\/#organization\"},\"potentialAction\":[{\"@type\":\"SearchAction\",\"target\":{\"@type\":\"EntryPoint\",\"urlTemplate\":\"https:\/\/coletivo21.art\/?s={search_term_string}\"},\"query-input\":\"required name=search_term_string\"}],\"inLanguage\":\"en-US\"},{\"@type\":\"Organization\",\"@id\":\"https:\/\/coletivo21.art\/#organization\",\"name\":\"Coletivo 21\",\"url\":\"https:\/\/coletivo21.art\/\",\"logo\":{\"@type\":\"ImageObject\",\"inLanguage\":\"en-US\",\"@id\":\"https:\/\/coletivo21.art\/#\/schema\/logo\/image\/\",\"url\":\"https:\/\/coletivo21.art\/wp-content\/uploads\/2023\/08\/C21PL.png\",\"contentUrl\":\"https:\/\/coletivo21.art\/wp-content\/uploads\/2023\/08\/C21PL.png\",\"width\":976,\"height\":231,\"caption\":\"Coletivo 21\"},\"image\":{\"@id\":\"https:\/\/coletivo21.art\/#\/schema\/logo\/image\/\"},\"sameAs\":[\"https:\/\/www.instagram.com\/coletivo_21\/\"]},{\"@type\":\"Person\",\"@id\":\"https:\/\/coletivo21.art\/#\/schema\/person\/0a074a441fe369292b021def00d771e2\",\"name\":\"Coletivo 21\",\"image\":{\"@type\":\"ImageObject\",\"inLanguage\":\"en-US\",\"@id\":\"https:\/\/coletivo21.art\/#\/schema\/person\/image\/\",\"url\":\"https:\/\/secure.gravatar.com\/avatar\/1bc6d40dc248750b53e13b33d3534423b594a2619f45b16f21b51c9d34fc54b1?s=96&d=mm&r=g\",\"contentUrl\":\"https:\/\/secure.gravatar.com\/avatar\/1bc6d40dc248750b53e13b33d3534423b594a2619f45b16f21b51c9d34fc54b1?s=96&d=mm&r=g\",\"caption\":\"Coletivo 21\"},\"description\":\"Somos um coletivo de artistas de diversas regi\u00f5es do Brasil, cada um em sua singularidade, com o desejo em comum de expor sua po\u00e9tica visual.\",\"sameAs\":[\"http:\/\/coletivo21.art\"],\"url\":\"https:\/\/coletivo21.art\/en\/author\/coletivo21-art\/\"}]}<\/script>\n<!-- \/ Yoast SEO Premium plugin. -->","yoast_head_json":{"title":"Encontros e tal - Exposi\u00e7\u00e3o de arte - Coletivo 21","robots":{"index":"index","follow":"follow","max-snippet":"max-snippet:-1","max-image-preview":"max-image-preview:large","max-video-preview":"max-video-preview:-1"},"canonical":"https:\/\/coletivo21.art\/en\/encontros-e-tal-exposicao-de-arte\/","og_locale":"en_US","og_type":"article","og_title":"Encontros e tal - Exposi\u00e7\u00e3o de arte","og_description":"Alegria, encontro, conex\u00e3o \u00e9 o que buscamos quando sa\u00edmos para espairecer\u2026 outros pontos de vista, experi\u00eancias trocadas que nos enriquecem, provocam, instigam a sair da zona de conforto. Esse cruzamento de viv\u00eancias intensifica-se quando mediado pela cerveja\u2026 sabores, aromas, eleva\u00e7\u00e3o da temperatura, dilata\u00e7\u00e3o das pupilas, altera\u00e7\u00f5es na percep\u00e7\u00e3o s\u00e3o sinais corporais que d\u00e3o passagem para [&hellip;]","og_url":"https:\/\/coletivo21.art\/en\/encontros-e-tal-exposicao-de-arte\/","og_site_name":"Coletivo 21","article_published_time":"2023-09-18T00:57:21+00:00","article_modified_time":"2023-11-07T01:03:25+00:00","og_image":[{"width":1196,"height":774,"url":"https:\/\/coletivo21.art\/wp-content\/uploads\/2023\/09\/Captura-de-tela-2023-09-17-215520.png","type":"image\/png"}],"author":"Coletivo 21","twitter_card":"summary_large_image","twitter_misc":{"Written by":"Coletivo 21","Est. reading time":"1 minute"},"schema":{"@context":"https:\/\/schema.org","@graph":[{"@type":"Article","@id":"https:\/\/coletivo21.art\/encontros-e-tal-exposicao-de-arte\/#article","isPartOf":{"@id":"https:\/\/coletivo21.art\/encontros-e-tal-exposicao-de-arte\/"},"author":{"name":"Coletivo 21","@id":"https:\/\/coletivo21.art\/#\/schema\/person\/0a074a441fe369292b021def00d771e2"},"headline":"Encontros e tal &#8211; Exposi\u00e7\u00e3o de arte","datePublished":"2023-09-18T00:57:21+00:00","dateModified":"2023-11-07T01:03:25+00:00","mainEntityOfPage":{"@id":"https:\/\/coletivo21.art\/encontros-e-tal-exposicao-de-arte\/"},"wordCount":204,"commentCount":0,"publisher":{"@id":"https:\/\/coletivo21.art\/#organization"},"image":{"@id":"https:\/\/coletivo21.art\/encontros-e-tal-exposicao-de-arte\/#primaryimage"},"thumbnailUrl":"https:\/\/coletivo21.art\/wp-content\/uploads\/2023\/09\/Captura-de-tela-2023-09-17-215520.jpg","articleSection":["Blog"],"inLanguage":"en-US","potentialAction":[{"@type":"CommentAction","name":"Comment","target":["https:\/\/coletivo21.art\/encontros-e-tal-exposicao-de-arte\/#respond"]}]},{"@type":"WebPage","@id":"https:\/\/coletivo21.art\/encontros-e-tal-exposicao-de-arte\/","url":"https:\/\/coletivo21.art\/encontros-e-tal-exposicao-de-arte\/","name":"Encontros e tal - Exposi\u00e7\u00e3o de arte - Coletivo 21","isPartOf":{"@id":"https:\/\/coletivo21.art\/#website"},"primaryImageOfPage":{"@id":"https:\/\/coletivo21.art\/encontros-e-tal-exposicao-de-arte\/#primaryimage"},"image":{"@id":"https:\/\/coletivo21.art\/encontros-e-tal-exposicao-de-arte\/#primaryimage"},"thumbnailUrl":"https:\/\/coletivo21.art\/wp-content\/uploads\/2023\/09\/Captura-de-tela-2023-09-17-215520.jpg","datePublished":"2023-09-18T00:57:21+00:00","dateModified":"2023-11-07T01:03:25+00:00","breadcrumb":{"@id":"https:\/\/coletivo21.art\/encontros-e-tal-exposicao-de-arte\/#breadcrumb"},"inLanguage":"en-US","potentialAction":[{"@type":"ReadAction","target":["https:\/\/coletivo21.art\/encontros-e-tal-exposicao-de-arte\/"]}]},{"@type":"ImageObject","inLanguage":"en-US","@id":"https:\/\/coletivo21.art\/encontros-e-tal-exposicao-de-arte\/#primaryimage","url":"https:\/\/coletivo21.art\/wp-content\/uploads\/2023\/09\/Captura-de-tela-2023-09-17-215520.jpg","contentUrl":"https:\/\/coletivo21.art\/wp-content\/uploads\/2023\/09\/Captura-de-tela-2023-09-17-215520.jpg","width":1196,"height":774},{"@type":"BreadcrumbList","@id":"https:\/\/coletivo21.art\/encontros-e-tal-exposicao-de-arte\/#breadcrumb","itemListElement":[{"@type":"ListItem","position":1,"name":"In\u00edcio","item":"https:\/\/coletivo21.art\/"},{"@type":"ListItem","position":2,"name":"Encontros e tal &#8211; Exposi\u00e7\u00e3o de arte"}]},{"@type":"WebSite","@id":"https:\/\/coletivo21.art\/#website","url":"https:\/\/coletivo21.art\/","name":"Coletivo 21","description":"Coletivo de Artistas","publisher":{"@id":"https:\/\/coletivo21.art\/#organization"},"potentialAction":[{"@type":"SearchAction","target":{"@type":"EntryPoint","urlTemplate":"https:\/\/coletivo21.art\/?s={search_term_string}"},"query-input":"required name=search_term_string"}],"inLanguage":"en-US"},{"@type":"Organization","@id":"https:\/\/coletivo21.art\/#organization","name":"Coletivo 21","url":"https:\/\/coletivo21.art\/","logo":{"@type":"ImageObject","inLanguage":"en-US","@id":"https:\/\/coletivo21.art\/#\/schema\/logo\/image\/","url":"https:\/\/coletivo21.art\/wp-content\/uploads\/2023\/08\/C21PL.png","contentUrl":"https:\/\/coletivo21.art\/wp-content\/uploads\/2023\/08\/C21PL.png","width":976,"height":231,"caption":"Coletivo 21"},"image":{"@id":"https:\/\/coletivo21.art\/#\/schema\/logo\/image\/"},"sameAs":["https:\/\/www.instagram.com\/coletivo_21\/"]},{"@type":"Person","@id":"https:\/\/coletivo21.art\/#\/schema\/person\/0a074a441fe369292b021def00d771e2","name":"Coletivo 21","image":{"@type":"ImageObject","inLanguage":"en-US","@id":"https:\/\/coletivo21.art\/#\/schema\/person\/image\/","url":"https:\/\/secure.gravatar.com\/avatar\/1bc6d40dc248750b53e13b33d3534423b594a2619f45b16f21b51c9d34fc54b1?s=96&d=mm&r=g","contentUrl":"https:\/\/secure.gravatar.com\/avatar\/1bc6d40dc248750b53e13b33d3534423b594a2619f45b16f21b51c9d34fc54b1?s=96&d=mm&r=g","caption":"Coletivo 21"},"description":"Somos um coletivo de artistas de diversas regi\u00f5es do Brasil, cada um em sua singularidade, com o desejo em comum de expor sua po\u00e9tica visual.","sameAs":["http:\/\/coletivo21.art"],"url":"https:\/\/coletivo21.art\/en\/author\/coletivo21-art\/"}]}},"_links":{"self":[{"href":"https:\/\/coletivo21.art\/en\/wp-json\/wp\/v2\/posts\/689","targetHints":{"allow":["GET"]}}],"collection":[{"href":"https:\/\/coletivo21.art\/en\/wp-json\/wp\/v2\/posts"}],"about":[{"href":"https:\/\/coletivo21.art\/en\/wp-json\/wp\/v2\/types\/post"}],"author":[{"embeddable":true,"href":"https:\/\/coletivo21.art\/en\/wp-json\/wp\/v2\/users\/1"}],"replies":[{"embeddable":true,"href":"https:\/\/coletivo21.art\/en\/wp-json\/wp\/v2\/comments?post=689"}],"version-history":[{"count":3,"href":"https:\/\/coletivo21.art\/en\/wp-json\/wp\/v2\/posts\/689\/revisions"}],"predecessor-version":[{"id":930,"href":"https:\/\/coletivo21.art\/en\/wp-json\/wp\/v2\/posts\/689\/revisions\/930"}],"wp:featuredmedia":[{"embeddable":true,"href":"https:\/\/coletivo21.art\/en\/wp-json\/wp\/v2\/media\/690"}],"wp:attachment":[{"href":"https:\/\/coletivo21.art\/en\/wp-json\/wp\/v2\/media?parent=689"}],"wp:term":[{"taxonomy":"category","embeddable":true,"href":"https:\/\/coletivo21.art\/en\/wp-json\/wp\/v2\/categories?post=689"},{"taxonomy":"post_tag","embeddable":true,"href":"https:\/\/coletivo21.art\/en\/wp-json\/wp\/v2\/tags?post=689"}],"curies":[{"name":"wp","href":"https:\/\/api.w.org\/{rel}","templated":true}]}}