{"id":686,"date":"2023-09-17T21:49:44","date_gmt":"2023-09-18T00:49:44","guid":{"rendered":"https:\/\/coletivo21.art\/?p=686"},"modified":"2023-09-17T22:00:02","modified_gmt":"2023-09-18T01:00:02","slug":"wiki-arte-exposicao-online","status":"publish","type":"post","link":"https:\/\/coletivo21.art\/en\/wiki-arte-exposicao-online\/","title":{"rendered":"Wiki Arte Exposi\u00e7\u00e3o Online"},"content":{"rendered":"<p>A Galeria de arte Wikiarte apresenta a exposi\u00e7\u00e3o online do Coletivo 21,<\/p>\n\n\n\n<p>grupo composto por artistas singulares. O discurso pl\u00e1stico do conjunto dos trabalhos dos integrantes \u00e9 inspirador, perpassa diversas atitudes criativas e temas.<\/p>\n\n\n\n<p>O ser humano \u00e9 retratado pela sobreposi\u00e7\u00e3o de seus v\u00e1rios eus. O tema do urbano se faz presente em fotografias com colagem digital, onde o desenho, a cor, as texturas determinam a visualidade do espa\u00e7o; ou em express\u00f5es espaciais enfatizadas pelo jogo de luz e sombra, deriva\u00e7\u00e3o de maquetes f\u00edsicas. A natureza comparece em aquarelas que enfatizam as cores tropicais, ou constitui a pr\u00f3pria materialidade das pinturas com cascas de \u00e1rvores e em pinturas digitais. Universos subjetivos s\u00e3o enfatizados em mem\u00f3rias do imaginado e do vivido, na busca de emocionar pela imagem, na constru\u00e7\u00e3o de imagens pessoais que ressoam em ideias universais. Experi\u00eancias formais buscam novas solu\u00e7\u00f5es sens\u00edveis, a repeti\u00e7\u00e3o com a inser\u00e7\u00e3o de sutis desvios trazem novas significa\u00e7\u00f5es, pinturas que apresentam sua constru\u00e7\u00e3o no pr\u00f3prio fazer, marcados pelos apagamentos e sobreposi\u00e7\u00f5es, ou no trabalho que<br>se estrutura de forma espont\u00e2nea fruto de constru\u00e7\u00f5es do pensamento. O tempo e o espa\u00e7o est\u00e3o presentes num jogo l\u00fadico entre coisas e escadas. Personas inscritas na argila ou no p\u00f3 de m\u00e1rmore, carregam diferentes inspira\u00e7\u00f5es.<\/p>\n\n\n\n<p>O depoimento do artista pl\u00e1stico e professor S\u00e9rgio Fingermann ressalta a procura destes artistas por territ\u00f3rios particulares de investiga\u00e7\u00e3o po\u00e9tica, uma atitude que formaliza os interesses do Grupo 21.<\/p>\n\n\n\n<p>Os artistas apresentam e refletem sobre seu pr\u00f3prio processo de cria\u00e7\u00e3o. Esta exposi\u00e7\u00e3o online enriquece nossa cultura, e seu formato se adequa ao contexto de pandemia e distanciamento social.<\/p>\n\n\n\n<p><a href=\"https:\/\/www.wikiarte.com.br\/\" data-type=\"link\" data-id=\"https:\/\/www.wikiarte.com.br\/\">Exposi\u00e7\u00e3o Wiki Arte Online<\/a><\/p>","protected":false},"excerpt":{"rendered":"<p>A Galeria de arte Wikiarte apresenta a exposi\u00e7\u00e3o online do Coletivo 21, grupo composto por artistas singulares. O discurso pl\u00e1stico do conjunto dos trabalhos dos integrantes \u00e9 inspirador, perpassa diversas atitudes criativas e temas. O ser humano \u00e9 retratado pela sobreposi\u00e7\u00e3o de seus v\u00e1rios eus. O tema do urbano se faz presente em fotografias com [&hellip;]<\/p>","protected":false},"author":1,"featured_media":687,"comment_status":"open","ping_status":"open","sticky":false,"template":"","format":"standard","meta":{"footnotes":""},"categories":[1],"tags":[],"class_list":["post-686","post","type-post","status-publish","format-standard","has-post-thumbnail","hentry","category-blog"],"yoast_head":"<!-- This site is optimized with the Yoast SEO Premium plugin v22.8 (Yoast SEO v22.8) - https:\/\/yoast.com\/wordpress\/plugins\/seo\/ -->\n<title>Wiki Arte Exposi\u00e7\u00e3o Online - Coletivo 21<\/title>\n<meta name=\"robots\" content=\"index, follow, max-snippet:-1, max-image-preview:large, max-video-preview:-1\" \/>\n<link rel=\"canonical\" href=\"https:\/\/coletivo21.art\/en\/wiki-arte-exposicao-online\/\" \/>\n<meta property=\"og:locale\" content=\"en_US\" \/>\n<meta property=\"og:type\" content=\"article\" \/>\n<meta property=\"og:title\" content=\"Wiki Arte Exposi\u00e7\u00e3o Online\" \/>\n<meta property=\"og:description\" content=\"A Galeria de arte Wikiarte apresenta a exposi\u00e7\u00e3o online do Coletivo 21, grupo composto por artistas singulares. O discurso pl\u00e1stico do conjunto dos trabalhos dos integrantes \u00e9 inspirador, perpassa diversas atitudes criativas e temas. O ser humano \u00e9 retratado pela sobreposi\u00e7\u00e3o de seus v\u00e1rios eus. O tema do urbano se faz presente em fotografias com [&hellip;]\" \/>\n<meta property=\"og:url\" content=\"https:\/\/coletivo21.art\/en\/wiki-arte-exposicao-online\/\" \/>\n<meta property=\"og:site_name\" content=\"Coletivo 21\" \/>\n<meta property=\"article:published_time\" content=\"2023-09-18T00:49:44+00:00\" \/>\n<meta property=\"article:modified_time\" content=\"2023-09-18T01:00:02+00:00\" \/>\n<meta property=\"og:image\" content=\"https:\/\/coletivo21.art\/wp-content\/uploads\/2023\/09\/Captura-de-tela-2023-09-17-214900.png\" \/>\n\t<meta property=\"og:image:width\" content=\"747\" \/>\n\t<meta property=\"og:image:height\" content=\"545\" \/>\n\t<meta property=\"og:image:type\" content=\"image\/png\" \/>\n<meta name=\"author\" content=\"Coletivo 21\" \/>\n<meta name=\"twitter:card\" content=\"summary_large_image\" \/>\n<meta name=\"twitter:label1\" content=\"Written by\" \/>\n\t<meta name=\"twitter:data1\" content=\"Coletivo 21\" \/>\n\t<meta name=\"twitter:label2\" content=\"Est. reading time\" \/>\n\t<meta name=\"twitter:data2\" content=\"2 minutes\" \/>\n<script type=\"application\/ld+json\" class=\"yoast-schema-graph\">{\"@context\":\"https:\/\/schema.org\",\"@graph\":[{\"@type\":\"Article\",\"@id\":\"https:\/\/coletivo21.art\/wiki-arte-exposicao-online\/#article\",\"isPartOf\":{\"@id\":\"https:\/\/coletivo21.art\/wiki-arte-exposicao-online\/\"},\"author\":{\"name\":\"Coletivo 21\",\"@id\":\"https:\/\/coletivo21.art\/#\/schema\/person\/0a074a441fe369292b021def00d771e2\"},\"headline\":\"Wiki Arte Exposi\u00e7\u00e3o Online\",\"datePublished\":\"2023-09-18T00:49:44+00:00\",\"dateModified\":\"2023-09-18T01:00:02+00:00\",\"mainEntityOfPage\":{\"@id\":\"https:\/\/coletivo21.art\/wiki-arte-exposicao-online\/\"},\"wordCount\":305,\"commentCount\":0,\"publisher\":{\"@id\":\"https:\/\/coletivo21.art\/#organization\"},\"image\":{\"@id\":\"https:\/\/coletivo21.art\/wiki-arte-exposicao-online\/#primaryimage\"},\"thumbnailUrl\":\"https:\/\/coletivo21.art\/wp-content\/uploads\/2023\/09\/Captura-de-tela-2023-09-17-214900.jpg\",\"articleSection\":[\"Blog\"],\"inLanguage\":\"en-US\",\"potentialAction\":[{\"@type\":\"CommentAction\",\"name\":\"Comment\",\"target\":[\"https:\/\/coletivo21.art\/wiki-arte-exposicao-online\/#respond\"]}]},{\"@type\":\"WebPage\",\"@id\":\"https:\/\/coletivo21.art\/wiki-arte-exposicao-online\/\",\"url\":\"https:\/\/coletivo21.art\/wiki-arte-exposicao-online\/\",\"name\":\"Wiki Arte Exposi\u00e7\u00e3o Online - Coletivo 21\",\"isPartOf\":{\"@id\":\"https:\/\/coletivo21.art\/#website\"},\"primaryImageOfPage\":{\"@id\":\"https:\/\/coletivo21.art\/wiki-arte-exposicao-online\/#primaryimage\"},\"image\":{\"@id\":\"https:\/\/coletivo21.art\/wiki-arte-exposicao-online\/#primaryimage\"},\"thumbnailUrl\":\"https:\/\/coletivo21.art\/wp-content\/uploads\/2023\/09\/Captura-de-tela-2023-09-17-214900.jpg\",\"datePublished\":\"2023-09-18T00:49:44+00:00\",\"dateModified\":\"2023-09-18T01:00:02+00:00\",\"breadcrumb\":{\"@id\":\"https:\/\/coletivo21.art\/wiki-arte-exposicao-online\/#breadcrumb\"},\"inLanguage\":\"en-US\",\"potentialAction\":[{\"@type\":\"ReadAction\",\"target\":[\"https:\/\/coletivo21.art\/wiki-arte-exposicao-online\/\"]}]},{\"@type\":\"ImageObject\",\"inLanguage\":\"en-US\",\"@id\":\"https:\/\/coletivo21.art\/wiki-arte-exposicao-online\/#primaryimage\",\"url\":\"https:\/\/coletivo21.art\/wp-content\/uploads\/2023\/09\/Captura-de-tela-2023-09-17-214900.jpg\",\"contentUrl\":\"https:\/\/coletivo21.art\/wp-content\/uploads\/2023\/09\/Captura-de-tela-2023-09-17-214900.jpg\",\"width\":747,\"height\":545},{\"@type\":\"BreadcrumbList\",\"@id\":\"https:\/\/coletivo21.art\/wiki-arte-exposicao-online\/#breadcrumb\",\"itemListElement\":[{\"@type\":\"ListItem\",\"position\":1,\"name\":\"In\u00edcio\",\"item\":\"https:\/\/coletivo21.art\/\"},{\"@type\":\"ListItem\",\"position\":2,\"name\":\"Wiki Arte Exposi\u00e7\u00e3o Online\"}]},{\"@type\":\"WebSite\",\"@id\":\"https:\/\/coletivo21.art\/#website\",\"url\":\"https:\/\/coletivo21.art\/\",\"name\":\"Coletivo 21\",\"description\":\"Coletivo de Artistas\",\"publisher\":{\"@id\":\"https:\/\/coletivo21.art\/#organization\"},\"potentialAction\":[{\"@type\":\"SearchAction\",\"target\":{\"@type\":\"EntryPoint\",\"urlTemplate\":\"https:\/\/coletivo21.art\/?s={search_term_string}\"},\"query-input\":\"required name=search_term_string\"}],\"inLanguage\":\"en-US\"},{\"@type\":\"Organization\",\"@id\":\"https:\/\/coletivo21.art\/#organization\",\"name\":\"Coletivo 21\",\"url\":\"https:\/\/coletivo21.art\/\",\"logo\":{\"@type\":\"ImageObject\",\"inLanguage\":\"en-US\",\"@id\":\"https:\/\/coletivo21.art\/#\/schema\/logo\/image\/\",\"url\":\"https:\/\/coletivo21.art\/wp-content\/uploads\/2023\/08\/C21PL.png\",\"contentUrl\":\"https:\/\/coletivo21.art\/wp-content\/uploads\/2023\/08\/C21PL.png\",\"width\":976,\"height\":231,\"caption\":\"Coletivo 21\"},\"image\":{\"@id\":\"https:\/\/coletivo21.art\/#\/schema\/logo\/image\/\"},\"sameAs\":[\"https:\/\/www.instagram.com\/coletivo_21\/\"]},{\"@type\":\"Person\",\"@id\":\"https:\/\/coletivo21.art\/#\/schema\/person\/0a074a441fe369292b021def00d771e2\",\"name\":\"Coletivo 21\",\"image\":{\"@type\":\"ImageObject\",\"inLanguage\":\"en-US\",\"@id\":\"https:\/\/coletivo21.art\/#\/schema\/person\/image\/\",\"url\":\"https:\/\/secure.gravatar.com\/avatar\/1bc6d40dc248750b53e13b33d3534423b594a2619f45b16f21b51c9d34fc54b1?s=96&d=mm&r=g\",\"contentUrl\":\"https:\/\/secure.gravatar.com\/avatar\/1bc6d40dc248750b53e13b33d3534423b594a2619f45b16f21b51c9d34fc54b1?s=96&d=mm&r=g\",\"caption\":\"Coletivo 21\"},\"description\":\"Somos um coletivo de artistas de diversas regi\u00f5es do Brasil, cada um em sua singularidade, com o desejo em comum de expor sua po\u00e9tica visual.\",\"sameAs\":[\"http:\/\/coletivo21.art\"],\"url\":\"https:\/\/coletivo21.art\/en\/author\/coletivo21-art\/\"}]}<\/script>\n<!-- \/ Yoast SEO Premium plugin. -->","yoast_head_json":{"title":"Wiki Arte Exposi\u00e7\u00e3o Online - Coletivo 21","robots":{"index":"index","follow":"follow","max-snippet":"max-snippet:-1","max-image-preview":"max-image-preview:large","max-video-preview":"max-video-preview:-1"},"canonical":"https:\/\/coletivo21.art\/en\/wiki-arte-exposicao-online\/","og_locale":"en_US","og_type":"article","og_title":"Wiki Arte Exposi\u00e7\u00e3o Online","og_description":"A Galeria de arte Wikiarte apresenta a exposi\u00e7\u00e3o online do Coletivo 21, grupo composto por artistas singulares. O discurso pl\u00e1stico do conjunto dos trabalhos dos integrantes \u00e9 inspirador, perpassa diversas atitudes criativas e temas. O ser humano \u00e9 retratado pela sobreposi\u00e7\u00e3o de seus v\u00e1rios eus. O tema do urbano se faz presente em fotografias com [&hellip;]","og_url":"https:\/\/coletivo21.art\/en\/wiki-arte-exposicao-online\/","og_site_name":"Coletivo 21","article_published_time":"2023-09-18T00:49:44+00:00","article_modified_time":"2023-09-18T01:00:02+00:00","og_image":[{"width":747,"height":545,"url":"https:\/\/coletivo21.art\/wp-content\/uploads\/2023\/09\/Captura-de-tela-2023-09-17-214900.png","type":"image\/png"}],"author":"Coletivo 21","twitter_card":"summary_large_image","twitter_misc":{"Written by":"Coletivo 21","Est. reading time":"2 minutes"},"schema":{"@context":"https:\/\/schema.org","@graph":[{"@type":"Article","@id":"https:\/\/coletivo21.art\/wiki-arte-exposicao-online\/#article","isPartOf":{"@id":"https:\/\/coletivo21.art\/wiki-arte-exposicao-online\/"},"author":{"name":"Coletivo 21","@id":"https:\/\/coletivo21.art\/#\/schema\/person\/0a074a441fe369292b021def00d771e2"},"headline":"Wiki Arte Exposi\u00e7\u00e3o Online","datePublished":"2023-09-18T00:49:44+00:00","dateModified":"2023-09-18T01:00:02+00:00","mainEntityOfPage":{"@id":"https:\/\/coletivo21.art\/wiki-arte-exposicao-online\/"},"wordCount":305,"commentCount":0,"publisher":{"@id":"https:\/\/coletivo21.art\/#organization"},"image":{"@id":"https:\/\/coletivo21.art\/wiki-arte-exposicao-online\/#primaryimage"},"thumbnailUrl":"https:\/\/coletivo21.art\/wp-content\/uploads\/2023\/09\/Captura-de-tela-2023-09-17-214900.jpg","articleSection":["Blog"],"inLanguage":"en-US","potentialAction":[{"@type":"CommentAction","name":"Comment","target":["https:\/\/coletivo21.art\/wiki-arte-exposicao-online\/#respond"]}]},{"@type":"WebPage","@id":"https:\/\/coletivo21.art\/wiki-arte-exposicao-online\/","url":"https:\/\/coletivo21.art\/wiki-arte-exposicao-online\/","name":"Wiki Arte Exposi\u00e7\u00e3o Online - Coletivo 21","isPartOf":{"@id":"https:\/\/coletivo21.art\/#website"},"primaryImageOfPage":{"@id":"https:\/\/coletivo21.art\/wiki-arte-exposicao-online\/#primaryimage"},"image":{"@id":"https:\/\/coletivo21.art\/wiki-arte-exposicao-online\/#primaryimage"},"thumbnailUrl":"https:\/\/coletivo21.art\/wp-content\/uploads\/2023\/09\/Captura-de-tela-2023-09-17-214900.jpg","datePublished":"2023-09-18T00:49:44+00:00","dateModified":"2023-09-18T01:00:02+00:00","breadcrumb":{"@id":"https:\/\/coletivo21.art\/wiki-arte-exposicao-online\/#breadcrumb"},"inLanguage":"en-US","potentialAction":[{"@type":"ReadAction","target":["https:\/\/coletivo21.art\/wiki-arte-exposicao-online\/"]}]},{"@type":"ImageObject","inLanguage":"en-US","@id":"https:\/\/coletivo21.art\/wiki-arte-exposicao-online\/#primaryimage","url":"https:\/\/coletivo21.art\/wp-content\/uploads\/2023\/09\/Captura-de-tela-2023-09-17-214900.jpg","contentUrl":"https:\/\/coletivo21.art\/wp-content\/uploads\/2023\/09\/Captura-de-tela-2023-09-17-214900.jpg","width":747,"height":545},{"@type":"BreadcrumbList","@id":"https:\/\/coletivo21.art\/wiki-arte-exposicao-online\/#breadcrumb","itemListElement":[{"@type":"ListItem","position":1,"name":"In\u00edcio","item":"https:\/\/coletivo21.art\/"},{"@type":"ListItem","position":2,"name":"Wiki Arte Exposi\u00e7\u00e3o Online"}]},{"@type":"WebSite","@id":"https:\/\/coletivo21.art\/#website","url":"https:\/\/coletivo21.art\/","name":"Coletivo 21","description":"Coletivo de Artistas","publisher":{"@id":"https:\/\/coletivo21.art\/#organization"},"potentialAction":[{"@type":"SearchAction","target":{"@type":"EntryPoint","urlTemplate":"https:\/\/coletivo21.art\/?s={search_term_string}"},"query-input":"required name=search_term_string"}],"inLanguage":"en-US"},{"@type":"Organization","@id":"https:\/\/coletivo21.art\/#organization","name":"Coletivo 21","url":"https:\/\/coletivo21.art\/","logo":{"@type":"ImageObject","inLanguage":"en-US","@id":"https:\/\/coletivo21.art\/#\/schema\/logo\/image\/","url":"https:\/\/coletivo21.art\/wp-content\/uploads\/2023\/08\/C21PL.png","contentUrl":"https:\/\/coletivo21.art\/wp-content\/uploads\/2023\/08\/C21PL.png","width":976,"height":231,"caption":"Coletivo 21"},"image":{"@id":"https:\/\/coletivo21.art\/#\/schema\/logo\/image\/"},"sameAs":["https:\/\/www.instagram.com\/coletivo_21\/"]},{"@type":"Person","@id":"https:\/\/coletivo21.art\/#\/schema\/person\/0a074a441fe369292b021def00d771e2","name":"Coletivo 21","image":{"@type":"ImageObject","inLanguage":"en-US","@id":"https:\/\/coletivo21.art\/#\/schema\/person\/image\/","url":"https:\/\/secure.gravatar.com\/avatar\/1bc6d40dc248750b53e13b33d3534423b594a2619f45b16f21b51c9d34fc54b1?s=96&d=mm&r=g","contentUrl":"https:\/\/secure.gravatar.com\/avatar\/1bc6d40dc248750b53e13b33d3534423b594a2619f45b16f21b51c9d34fc54b1?s=96&d=mm&r=g","caption":"Coletivo 21"},"description":"Somos um coletivo de artistas de diversas regi\u00f5es do Brasil, cada um em sua singularidade, com o desejo em comum de expor sua po\u00e9tica visual.","sameAs":["http:\/\/coletivo21.art"],"url":"https:\/\/coletivo21.art\/en\/author\/coletivo21-art\/"}]}},"_links":{"self":[{"href":"https:\/\/coletivo21.art\/en\/wp-json\/wp\/v2\/posts\/686","targetHints":{"allow":["GET"]}}],"collection":[{"href":"https:\/\/coletivo21.art\/en\/wp-json\/wp\/v2\/posts"}],"about":[{"href":"https:\/\/coletivo21.art\/en\/wp-json\/wp\/v2\/types\/post"}],"author":[{"embeddable":true,"href":"https:\/\/coletivo21.art\/en\/wp-json\/wp\/v2\/users\/1"}],"replies":[{"embeddable":true,"href":"https:\/\/coletivo21.art\/en\/wp-json\/wp\/v2\/comments?post=686"}],"version-history":[{"count":2,"href":"https:\/\/coletivo21.art\/en\/wp-json\/wp\/v2\/posts\/686\/revisions"}],"predecessor-version":[{"id":693,"href":"https:\/\/coletivo21.art\/en\/wp-json\/wp\/v2\/posts\/686\/revisions\/693"}],"wp:featuredmedia":[{"embeddable":true,"href":"https:\/\/coletivo21.art\/en\/wp-json\/wp\/v2\/media\/687"}],"wp:attachment":[{"href":"https:\/\/coletivo21.art\/en\/wp-json\/wp\/v2\/media?parent=686"}],"wp:term":[{"taxonomy":"category","embeddable":true,"href":"https:\/\/coletivo21.art\/en\/wp-json\/wp\/v2\/categories?post=686"},{"taxonomy":"post_tag","embeddable":true,"href":"https:\/\/coletivo21.art\/en\/wp-json\/wp\/v2\/tags?post=686"}],"curies":[{"name":"wp","href":"https:\/\/api.w.org\/{rel}","templated":true}]}}