{"id":680,"date":"2023-09-17T21:41:29","date_gmt":"2023-09-18T00:41:29","guid":{"rendered":"https:\/\/coletivo21.art\/?p=680"},"modified":"2023-09-17T22:08:13","modified_gmt":"2023-09-18T01:08:13","slug":"territorios-sensiveis","status":"publish","type":"post","link":"https:\/\/coletivo21.art\/en\/territorios-sensiveis\/","title":{"rendered":"Territ\u00f3rios sens\u00edveis"},"content":{"rendered":"<p>O projeto re\u00fane os artistas do <strong>Coletivo 21. <\/strong>Os artistas, em seus diferentes campos &nbsp;de atua\u00e7\u00e3o (pintura a \u00f3leo e acr\u00edlica, aquarelas, fotografia, arte digital, gravuras e &nbsp;esculturas) t\u00eam um trabalho maduro, com um campo po\u00e9tico em constante defini\u00e7\u00e3o. O &nbsp;objetivo comum \u00e9 construir um projeto original, que tenha uma singularidade. As po\u00e9ticas &nbsp;s\u00e3o diferentes, mas os artistas do coletivo t\u00eam uma maneira comum de enxergar a arte. &nbsp;Fazendo uma leitura cruzada das obras em exposi\u00e7\u00e3o, temos uma riqueza, uma procura &nbsp;de desenvolver uma esp\u00e9cie de <em>territ\u00f3rio sens\u00edvel<\/em>, onde a tem\u00e1tica vai mudando, mas &nbsp;sempre a autoria e a singularidade dos trabalhos \u00e9 reconhecida. Os artistas do <strong>Coletivo &nbsp;21 <\/strong>mostram na totalidade um pacto com a cria\u00e7\u00e3o para devolver ao espectador uma &nbsp;forma de elabora\u00e7\u00e3o do tudo o que \u00e9 sens\u00edvel.<\/p>\n\n\n\n<p>O que h\u00e1 de comum entre pouco mais de duas dezenas de artistas que nunca se viram pessoalmente e que h\u00e1 pouco mais de seis meses sequer sabiam da exist\u00eancia uns dos outros? S\u00e3o pintores em tinta acr\u00edlica, em tinta \u00f3leo, escultores, gravuristas, artistas digitais, aquarelistas em um amplo espectro da express\u00e3o das artes visuais e que se uniram em torno de um prop\u00f3sito: mostrar seus trabalhos.<\/p>\n\n\n\n<p>O ponto que une esse grupo de artistas oriundos de diversas regi\u00f5es do pa\u00eds \u00e9 a s\u00e9rie de li\u00e7\u00f5es do professor e artista pl\u00e1stico S\u00e9rgio Fingermann que, gra\u00e7as \u00e0s ferramentas on line, popularizadas como forma de driblar os rigores da pandemia que ataca o mundo, juntou gente t\u00e3o diferente para ouvir seus \u201cmantras\u201d da cria\u00e7\u00e3o \u00e0 exposi\u00e7\u00e3o.<\/p>\n\n\n\n<p>Essas li\u00e7\u00f5es do mestre fizeram o grupo pensar e encontrar suas sinapses, suas liga\u00e7\u00f5es, os trabalhos irm\u00e3os, mesmo concebidos a quil\u00f4metros de dist\u00e2ncia um do outro. A obra \u00e9 de cada um. Mas todos t\u00eam a certeza de que \u00e9 preciso trabalhar muito &#8211; apagar, riscar, esfregar. N\u00e3o aceitar o primeiro resultado \u00e9 um senso comum. Assim como entendem a necessidade de conversar com a obra e ver para onde ela conduz o artista. E n\u00e3o ao contr\u00e1rio.<\/p>\n\n\n\n<p>S\u00e3o artistas visuais que n\u00e3o se contentam com qualquer resultado. Se perguntam se aquele trabalho vale ser mostrado em uma sociedade cada vez mais inundada por imagens.<br>Nesta exposi\u00e7\u00e3o estar\u00e3o \u00e0 mostra diversas vis\u00f5es da arte. Obras abstratas, figurativas, em cores luminosas, outras escuras ou em tons neutros. Mas com certeza, al\u00e9m de observar a qualidade dos trabalhos individualmente, o espectador perceber\u00e1 a pot\u00eancia que existe entre eles. \u00c9 esta for\u00e7a que move o Coletivo 21.<\/p>","protected":false},"excerpt":{"rendered":"<p>O projeto re\u00fane os artistas do Coletivo 21. Os artistas, em seus diferentes campos &nbsp;de atua\u00e7\u00e3o (pintura a \u00f3leo e acr\u00edlica, aquarelas, fotografia, arte digital, gravuras e &nbsp;esculturas) t\u00eam um trabalho maduro, com um campo po\u00e9tico em constante defini\u00e7\u00e3o. O &nbsp;objetivo comum \u00e9 construir um projeto original, que tenha uma singularidade. As po\u00e9ticas &nbsp;s\u00e3o diferentes, [&hellip;]<\/p>","protected":false},"author":1,"featured_media":681,"comment_status":"open","ping_status":"open","sticky":false,"template":"","format":"standard","meta":{"footnotes":""},"categories":[1],"tags":[],"class_list":["post-680","post","type-post","status-publish","format-standard","has-post-thumbnail","hentry","category-blog"],"yoast_head":"<!-- This site is optimized with the Yoast SEO Premium plugin v22.8 (Yoast SEO v22.8) - https:\/\/yoast.com\/wordpress\/plugins\/seo\/ -->\n<title>Territ\u00f3rios sens\u00edveis - Coletivo 21<\/title>\n<meta name=\"robots\" content=\"index, follow, max-snippet:-1, max-image-preview:large, max-video-preview:-1\" \/>\n<link rel=\"canonical\" href=\"https:\/\/coletivo21.art\/en\/territorios-sensiveis\/\" \/>\n<meta property=\"og:locale\" content=\"en_US\" \/>\n<meta property=\"og:type\" content=\"article\" \/>\n<meta property=\"og:title\" content=\"Territ\u00f3rios sens\u00edveis\" \/>\n<meta property=\"og:description\" content=\"O projeto re\u00fane os artistas do Coletivo 21. Os artistas, em seus diferentes campos &nbsp;de atua\u00e7\u00e3o (pintura a \u00f3leo e acr\u00edlica, aquarelas, fotografia, arte digital, gravuras e &nbsp;esculturas) t\u00eam um trabalho maduro, com um campo po\u00e9tico em constante defini\u00e7\u00e3o. O &nbsp;objetivo comum \u00e9 construir um projeto original, que tenha uma singularidade. As po\u00e9ticas &nbsp;s\u00e3o diferentes, [&hellip;]\" \/>\n<meta property=\"og:url\" content=\"https:\/\/coletivo21.art\/en\/territorios-sensiveis\/\" \/>\n<meta property=\"og:site_name\" content=\"Coletivo 21\" \/>\n<meta property=\"article:published_time\" content=\"2023-09-18T00:41:29+00:00\" \/>\n<meta property=\"article:modified_time\" content=\"2023-09-18T01:08:13+00:00\" \/>\n<meta property=\"og:image\" content=\"https:\/\/coletivo21.art\/wp-content\/uploads\/2023\/09\/Captura-de-tela-2023-09-17-214100.png\" \/>\n\t<meta property=\"og:image:width\" content=\"589\" \/>\n\t<meta property=\"og:image:height\" content=\"349\" \/>\n\t<meta property=\"og:image:type\" content=\"image\/png\" \/>\n<meta name=\"author\" content=\"Coletivo 21\" \/>\n<meta name=\"twitter:card\" content=\"summary_large_image\" \/>\n<meta name=\"twitter:label1\" content=\"Written by\" \/>\n\t<meta name=\"twitter:data1\" content=\"Coletivo 21\" \/>\n\t<meta name=\"twitter:label2\" content=\"Est. reading time\" \/>\n\t<meta name=\"twitter:data2\" content=\"2 minutes\" \/>\n<script type=\"application\/ld+json\" class=\"yoast-schema-graph\">{\"@context\":\"https:\/\/schema.org\",\"@graph\":[{\"@type\":\"Article\",\"@id\":\"https:\/\/coletivo21.art\/territorios-sensiveis\/#article\",\"isPartOf\":{\"@id\":\"https:\/\/coletivo21.art\/territorios-sensiveis\/\"},\"author\":{\"name\":\"Coletivo 21\",\"@id\":\"https:\/\/coletivo21.art\/#\/schema\/person\/0a074a441fe369292b021def00d771e2\"},\"headline\":\"Territ\u00f3rios sens\u00edveis\",\"datePublished\":\"2023-09-18T00:41:29+00:00\",\"dateModified\":\"2023-09-18T01:08:13+00:00\",\"mainEntityOfPage\":{\"@id\":\"https:\/\/coletivo21.art\/territorios-sensiveis\/\"},\"wordCount\":458,\"commentCount\":0,\"publisher\":{\"@id\":\"https:\/\/coletivo21.art\/#organization\"},\"image\":{\"@id\":\"https:\/\/coletivo21.art\/territorios-sensiveis\/#primaryimage\"},\"thumbnailUrl\":\"https:\/\/coletivo21.art\/wp-content\/uploads\/2023\/09\/Captura-de-tela-2023-09-17-214100.jpg\",\"articleSection\":[\"Blog\"],\"inLanguage\":\"en-US\",\"potentialAction\":[{\"@type\":\"CommentAction\",\"name\":\"Comment\",\"target\":[\"https:\/\/coletivo21.art\/territorios-sensiveis\/#respond\"]}]},{\"@type\":\"WebPage\",\"@id\":\"https:\/\/coletivo21.art\/territorios-sensiveis\/\",\"url\":\"https:\/\/coletivo21.art\/territorios-sensiveis\/\",\"name\":\"Territ\u00f3rios sens\u00edveis - Coletivo 21\",\"isPartOf\":{\"@id\":\"https:\/\/coletivo21.art\/#website\"},\"primaryImageOfPage\":{\"@id\":\"https:\/\/coletivo21.art\/territorios-sensiveis\/#primaryimage\"},\"image\":{\"@id\":\"https:\/\/coletivo21.art\/territorios-sensiveis\/#primaryimage\"},\"thumbnailUrl\":\"https:\/\/coletivo21.art\/wp-content\/uploads\/2023\/09\/Captura-de-tela-2023-09-17-214100.jpg\",\"datePublished\":\"2023-09-18T00:41:29+00:00\",\"dateModified\":\"2023-09-18T01:08:13+00:00\",\"breadcrumb\":{\"@id\":\"https:\/\/coletivo21.art\/territorios-sensiveis\/#breadcrumb\"},\"inLanguage\":\"en-US\",\"potentialAction\":[{\"@type\":\"ReadAction\",\"target\":[\"https:\/\/coletivo21.art\/territorios-sensiveis\/\"]}]},{\"@type\":\"ImageObject\",\"inLanguage\":\"en-US\",\"@id\":\"https:\/\/coletivo21.art\/territorios-sensiveis\/#primaryimage\",\"url\":\"https:\/\/coletivo21.art\/wp-content\/uploads\/2023\/09\/Captura-de-tela-2023-09-17-214100.jpg\",\"contentUrl\":\"https:\/\/coletivo21.art\/wp-content\/uploads\/2023\/09\/Captura-de-tela-2023-09-17-214100.jpg\",\"width\":589,\"height\":349},{\"@type\":\"BreadcrumbList\",\"@id\":\"https:\/\/coletivo21.art\/territorios-sensiveis\/#breadcrumb\",\"itemListElement\":[{\"@type\":\"ListItem\",\"position\":1,\"name\":\"In\u00edcio\",\"item\":\"https:\/\/coletivo21.art\/\"},{\"@type\":\"ListItem\",\"position\":2,\"name\":\"Territ\u00f3rios sens\u00edveis\"}]},{\"@type\":\"WebSite\",\"@id\":\"https:\/\/coletivo21.art\/#website\",\"url\":\"https:\/\/coletivo21.art\/\",\"name\":\"Coletivo 21\",\"description\":\"Coletivo de Artistas\",\"publisher\":{\"@id\":\"https:\/\/coletivo21.art\/#organization\"},\"potentialAction\":[{\"@type\":\"SearchAction\",\"target\":{\"@type\":\"EntryPoint\",\"urlTemplate\":\"https:\/\/coletivo21.art\/?s={search_term_string}\"},\"query-input\":\"required name=search_term_string\"}],\"inLanguage\":\"en-US\"},{\"@type\":\"Organization\",\"@id\":\"https:\/\/coletivo21.art\/#organization\",\"name\":\"Coletivo 21\",\"url\":\"https:\/\/coletivo21.art\/\",\"logo\":{\"@type\":\"ImageObject\",\"inLanguage\":\"en-US\",\"@id\":\"https:\/\/coletivo21.art\/#\/schema\/logo\/image\/\",\"url\":\"https:\/\/coletivo21.art\/wp-content\/uploads\/2023\/08\/C21PL.png\",\"contentUrl\":\"https:\/\/coletivo21.art\/wp-content\/uploads\/2023\/08\/C21PL.png\",\"width\":976,\"height\":231,\"caption\":\"Coletivo 21\"},\"image\":{\"@id\":\"https:\/\/coletivo21.art\/#\/schema\/logo\/image\/\"},\"sameAs\":[\"https:\/\/www.instagram.com\/coletivo_21\/\"]},{\"@type\":\"Person\",\"@id\":\"https:\/\/coletivo21.art\/#\/schema\/person\/0a074a441fe369292b021def00d771e2\",\"name\":\"Coletivo 21\",\"image\":{\"@type\":\"ImageObject\",\"inLanguage\":\"en-US\",\"@id\":\"https:\/\/coletivo21.art\/#\/schema\/person\/image\/\",\"url\":\"https:\/\/secure.gravatar.com\/avatar\/1bc6d40dc248750b53e13b33d3534423b594a2619f45b16f21b51c9d34fc54b1?s=96&d=mm&r=g\",\"contentUrl\":\"https:\/\/secure.gravatar.com\/avatar\/1bc6d40dc248750b53e13b33d3534423b594a2619f45b16f21b51c9d34fc54b1?s=96&d=mm&r=g\",\"caption\":\"Coletivo 21\"},\"description\":\"Somos um coletivo de artistas de diversas regi\u00f5es do Brasil, cada um em sua singularidade, com o desejo em comum de expor sua po\u00e9tica visual.\",\"sameAs\":[\"http:\/\/coletivo21.art\"],\"url\":\"https:\/\/coletivo21.art\/en\/author\/coletivo21-art\/\"}]}<\/script>\n<!-- \/ Yoast SEO Premium plugin. -->","yoast_head_json":{"title":"Territ\u00f3rios sens\u00edveis - Coletivo 21","robots":{"index":"index","follow":"follow","max-snippet":"max-snippet:-1","max-image-preview":"max-image-preview:large","max-video-preview":"max-video-preview:-1"},"canonical":"https:\/\/coletivo21.art\/en\/territorios-sensiveis\/","og_locale":"en_US","og_type":"article","og_title":"Territ\u00f3rios sens\u00edveis","og_description":"O projeto re\u00fane os artistas do Coletivo 21. Os artistas, em seus diferentes campos &nbsp;de atua\u00e7\u00e3o (pintura a \u00f3leo e acr\u00edlica, aquarelas, fotografia, arte digital, gravuras e &nbsp;esculturas) t\u00eam um trabalho maduro, com um campo po\u00e9tico em constante defini\u00e7\u00e3o. O &nbsp;objetivo comum \u00e9 construir um projeto original, que tenha uma singularidade. As po\u00e9ticas &nbsp;s\u00e3o diferentes, [&hellip;]","og_url":"https:\/\/coletivo21.art\/en\/territorios-sensiveis\/","og_site_name":"Coletivo 21","article_published_time":"2023-09-18T00:41:29+00:00","article_modified_time":"2023-09-18T01:08:13+00:00","og_image":[{"width":589,"height":349,"url":"https:\/\/coletivo21.art\/wp-content\/uploads\/2023\/09\/Captura-de-tela-2023-09-17-214100.png","type":"image\/png"}],"author":"Coletivo 21","twitter_card":"summary_large_image","twitter_misc":{"Written by":"Coletivo 21","Est. reading time":"2 minutes"},"schema":{"@context":"https:\/\/schema.org","@graph":[{"@type":"Article","@id":"https:\/\/coletivo21.art\/territorios-sensiveis\/#article","isPartOf":{"@id":"https:\/\/coletivo21.art\/territorios-sensiveis\/"},"author":{"name":"Coletivo 21","@id":"https:\/\/coletivo21.art\/#\/schema\/person\/0a074a441fe369292b021def00d771e2"},"headline":"Territ\u00f3rios sens\u00edveis","datePublished":"2023-09-18T00:41:29+00:00","dateModified":"2023-09-18T01:08:13+00:00","mainEntityOfPage":{"@id":"https:\/\/coletivo21.art\/territorios-sensiveis\/"},"wordCount":458,"commentCount":0,"publisher":{"@id":"https:\/\/coletivo21.art\/#organization"},"image":{"@id":"https:\/\/coletivo21.art\/territorios-sensiveis\/#primaryimage"},"thumbnailUrl":"https:\/\/coletivo21.art\/wp-content\/uploads\/2023\/09\/Captura-de-tela-2023-09-17-214100.jpg","articleSection":["Blog"],"inLanguage":"en-US","potentialAction":[{"@type":"CommentAction","name":"Comment","target":["https:\/\/coletivo21.art\/territorios-sensiveis\/#respond"]}]},{"@type":"WebPage","@id":"https:\/\/coletivo21.art\/territorios-sensiveis\/","url":"https:\/\/coletivo21.art\/territorios-sensiveis\/","name":"Territ\u00f3rios sens\u00edveis - Coletivo 21","isPartOf":{"@id":"https:\/\/coletivo21.art\/#website"},"primaryImageOfPage":{"@id":"https:\/\/coletivo21.art\/territorios-sensiveis\/#primaryimage"},"image":{"@id":"https:\/\/coletivo21.art\/territorios-sensiveis\/#primaryimage"},"thumbnailUrl":"https:\/\/coletivo21.art\/wp-content\/uploads\/2023\/09\/Captura-de-tela-2023-09-17-214100.jpg","datePublished":"2023-09-18T00:41:29+00:00","dateModified":"2023-09-18T01:08:13+00:00","breadcrumb":{"@id":"https:\/\/coletivo21.art\/territorios-sensiveis\/#breadcrumb"},"inLanguage":"en-US","potentialAction":[{"@type":"ReadAction","target":["https:\/\/coletivo21.art\/territorios-sensiveis\/"]}]},{"@type":"ImageObject","inLanguage":"en-US","@id":"https:\/\/coletivo21.art\/territorios-sensiveis\/#primaryimage","url":"https:\/\/coletivo21.art\/wp-content\/uploads\/2023\/09\/Captura-de-tela-2023-09-17-214100.jpg","contentUrl":"https:\/\/coletivo21.art\/wp-content\/uploads\/2023\/09\/Captura-de-tela-2023-09-17-214100.jpg","width":589,"height":349},{"@type":"BreadcrumbList","@id":"https:\/\/coletivo21.art\/territorios-sensiveis\/#breadcrumb","itemListElement":[{"@type":"ListItem","position":1,"name":"In\u00edcio","item":"https:\/\/coletivo21.art\/"},{"@type":"ListItem","position":2,"name":"Territ\u00f3rios sens\u00edveis"}]},{"@type":"WebSite","@id":"https:\/\/coletivo21.art\/#website","url":"https:\/\/coletivo21.art\/","name":"Coletivo 21","description":"Coletivo de Artistas","publisher":{"@id":"https:\/\/coletivo21.art\/#organization"},"potentialAction":[{"@type":"SearchAction","target":{"@type":"EntryPoint","urlTemplate":"https:\/\/coletivo21.art\/?s={search_term_string}"},"query-input":"required name=search_term_string"}],"inLanguage":"en-US"},{"@type":"Organization","@id":"https:\/\/coletivo21.art\/#organization","name":"Coletivo 21","url":"https:\/\/coletivo21.art\/","logo":{"@type":"ImageObject","inLanguage":"en-US","@id":"https:\/\/coletivo21.art\/#\/schema\/logo\/image\/","url":"https:\/\/coletivo21.art\/wp-content\/uploads\/2023\/08\/C21PL.png","contentUrl":"https:\/\/coletivo21.art\/wp-content\/uploads\/2023\/08\/C21PL.png","width":976,"height":231,"caption":"Coletivo 21"},"image":{"@id":"https:\/\/coletivo21.art\/#\/schema\/logo\/image\/"},"sameAs":["https:\/\/www.instagram.com\/coletivo_21\/"]},{"@type":"Person","@id":"https:\/\/coletivo21.art\/#\/schema\/person\/0a074a441fe369292b021def00d771e2","name":"Coletivo 21","image":{"@type":"ImageObject","inLanguage":"en-US","@id":"https:\/\/coletivo21.art\/#\/schema\/person\/image\/","url":"https:\/\/secure.gravatar.com\/avatar\/1bc6d40dc248750b53e13b33d3534423b594a2619f45b16f21b51c9d34fc54b1?s=96&d=mm&r=g","contentUrl":"https:\/\/secure.gravatar.com\/avatar\/1bc6d40dc248750b53e13b33d3534423b594a2619f45b16f21b51c9d34fc54b1?s=96&d=mm&r=g","caption":"Coletivo 21"},"description":"Somos um coletivo de artistas de diversas regi\u00f5es do Brasil, cada um em sua singularidade, com o desejo em comum de expor sua po\u00e9tica visual.","sameAs":["http:\/\/coletivo21.art"],"url":"https:\/\/coletivo21.art\/en\/author\/coletivo21-art\/"}]}},"_links":{"self":[{"href":"https:\/\/coletivo21.art\/en\/wp-json\/wp\/v2\/posts\/680","targetHints":{"allow":["GET"]}}],"collection":[{"href":"https:\/\/coletivo21.art\/en\/wp-json\/wp\/v2\/posts"}],"about":[{"href":"https:\/\/coletivo21.art\/en\/wp-json\/wp\/v2\/types\/post"}],"author":[{"embeddable":true,"href":"https:\/\/coletivo21.art\/en\/wp-json\/wp\/v2\/users\/1"}],"replies":[{"embeddable":true,"href":"https:\/\/coletivo21.art\/en\/wp-json\/wp\/v2\/comments?post=680"}],"version-history":[{"count":2,"href":"https:\/\/coletivo21.art\/en\/wp-json\/wp\/v2\/posts\/680\/revisions"}],"predecessor-version":[{"id":694,"href":"https:\/\/coletivo21.art\/en\/wp-json\/wp\/v2\/posts\/680\/revisions\/694"}],"wp:featuredmedia":[{"embeddable":true,"href":"https:\/\/coletivo21.art\/en\/wp-json\/wp\/v2\/media\/681"}],"wp:attachment":[{"href":"https:\/\/coletivo21.art\/en\/wp-json\/wp\/v2\/media?parent=680"}],"wp:term":[{"taxonomy":"category","embeddable":true,"href":"https:\/\/coletivo21.art\/en\/wp-json\/wp\/v2\/categories?post=680"},{"taxonomy":"post_tag","embeddable":true,"href":"https:\/\/coletivo21.art\/en\/wp-json\/wp\/v2\/tags?post=680"}],"curies":[{"name":"wp","href":"https:\/\/api.w.org\/{rel}","templated":true}]}}