{"id":1349,"date":"2024-12-09T22:20:40","date_gmt":"2024-12-10T01:20:40","guid":{"rendered":"https:\/\/coletivo21.art\/?p=1349"},"modified":"2024-12-09T23:13:15","modified_gmt":"2024-12-10T02:13:15","slug":"34-salao-bunkyo-de-arte-contemporanea","status":"publish","type":"post","link":"https:\/\/coletivo21.art\/en\/34-salao-bunkyo-de-arte-contemporanea\/","title":{"rendered":"[V\u00eddeo] 34 Sal\u00e3o Bunkyo de arte contempor\u00e2nea"},"content":{"rendered":"<figure class=\"wp-block-video\"><video autoplay controls src=\"https:\/\/coletivo21.art\/wp-content\/uploads\/2024\/12\/Snapinsta.app_video_AQPIWpNafu6Hr1dfyf0JyxQDJ56_EYBuJGAspPU0Fj5SznJocZNsyKsFWqFmkPopeJp3hmlb_aWw1W19axwQaRn_UGHHtqxJ4bjbhns.mp4\" playsinline><\/video><\/figure>\n\n\n\n<p>34 Sal\u00e3o Bunkyo de arte contempor\u00e2nea est\u00e1 valendo muito \u00e0 pena a visita pessoal. N\u00e3o porque fa\u00e7o parte, mas porque tem realmente qualidade. Ainda d\u00e1 tempo. Bora, bora! S\u00f3 at\u00e9 08\/12\/24. Rua Galv\u00e3o Bueno, 396. Liberdade\u2026<\/p>\n\n\n\n<p><\/p>","protected":false},"excerpt":{"rendered":"<p>34 Sal\u00e3o Bunkyo de arte contempor\u00e2nea est\u00e1 valendo muito \u00e0 pena a visita pessoal. N\u00e3o porque fa\u00e7o parte, mas porque tem realmente qualidade. Ainda d\u00e1 tempo. Bora, bora! S\u00f3 at\u00e9 08\/12\/24. Rua Galv\u00e3o Bueno, 396. Liberdade\u2026<\/p>","protected":false},"author":1,"featured_media":1346,"comment_status":"open","ping_status":"open","sticky":false,"template":"","format":"standard","meta":{"footnotes":""},"categories":[1],"tags":[],"class_list":["post-1349","post","type-post","status-publish","format-standard","has-post-thumbnail","hentry","category-blog"],"yoast_head":"<!-- This site is optimized with the Yoast SEO Premium plugin v22.8 (Yoast SEO v22.8) - https:\/\/yoast.com\/wordpress\/plugins\/seo\/ -->\n<title>[V\u00eddeo] 34 Sal\u00e3o Bunkyo de arte contempor\u00e2nea - Coletivo 21<\/title>\n<meta name=\"robots\" content=\"index, follow, max-snippet:-1, max-image-preview:large, max-video-preview:-1\" \/>\n<link rel=\"canonical\" href=\"https:\/\/coletivo21.art\/en\/34-salao-bunkyo-de-arte-contemporanea\/\" \/>\n<meta property=\"og:locale\" content=\"en_US\" \/>\n<meta property=\"og:type\" content=\"article\" \/>\n<meta property=\"og:title\" content=\"[V\u00eddeo] 34 Sal\u00e3o Bunkyo de arte contempor\u00e2nea\" \/>\n<meta property=\"og:description\" content=\"34 Sal\u00e3o Bunkyo de arte contempor\u00e2nea est\u00e1 valendo muito \u00e0 pena a visita pessoal. N\u00e3o porque fa\u00e7o parte, mas porque tem realmente qualidade. Ainda d\u00e1 tempo. Bora, bora! S\u00f3 at\u00e9 08\/12\/24. Rua Galv\u00e3o Bueno, 396. Liberdade\u2026\" \/>\n<meta property=\"og:url\" content=\"https:\/\/coletivo21.art\/en\/34-salao-bunkyo-de-arte-contemporanea\/\" \/>\n<meta property=\"og:site_name\" content=\"Coletivo 21\" \/>\n<meta property=\"article:published_time\" content=\"2024-12-10T01:20:40+00:00\" \/>\n<meta property=\"article:modified_time\" content=\"2024-12-10T02:13:15+00:00\" \/>\n<meta property=\"og:image\" content=\"https:\/\/coletivo21.art\/wp-content\/uploads\/2024\/11\/Imagem-do-WhatsApp-de-2024-11-21-as-21.26.09_eb2161c0-e1733796788485.jpg\" \/>\n\t<meta property=\"og:image:width\" content=\"913\" \/>\n\t<meta property=\"og:image:height\" content=\"796\" \/>\n\t<meta property=\"og:image:type\" content=\"image\/jpeg\" \/>\n<meta name=\"author\" content=\"Coletivo 21\" \/>\n<meta name=\"twitter:card\" content=\"summary_large_image\" \/>\n<meta name=\"twitter:label1\" content=\"Written by\" \/>\n\t<meta name=\"twitter:data1\" content=\"Coletivo 21\" \/>\n\t<meta name=\"twitter:label2\" content=\"Est. reading time\" \/>\n\t<meta name=\"twitter:data2\" content=\"1 minute\" \/>\n<script type=\"application\/ld+json\" class=\"yoast-schema-graph\">{\"@context\":\"https:\/\/schema.org\",\"@graph\":[{\"@type\":\"Article\",\"@id\":\"https:\/\/coletivo21.art\/34-salao-bunkyo-de-arte-contemporanea\/#article\",\"isPartOf\":{\"@id\":\"https:\/\/coletivo21.art\/34-salao-bunkyo-de-arte-contemporanea\/\"},\"author\":{\"name\":\"Coletivo 21\",\"@id\":\"https:\/\/coletivo21.art\/#\/schema\/person\/0a074a441fe369292b021def00d771e2\"},\"headline\":\"[V\u00eddeo] 34 Sal\u00e3o Bunkyo de arte contempor\u00e2nea\",\"datePublished\":\"2024-12-10T01:20:40+00:00\",\"dateModified\":\"2024-12-10T02:13:15+00:00\",\"mainEntityOfPage\":{\"@id\":\"https:\/\/coletivo21.art\/34-salao-bunkyo-de-arte-contemporanea\/\"},\"wordCount\":46,\"commentCount\":0,\"publisher\":{\"@id\":\"https:\/\/coletivo21.art\/#organization\"},\"image\":{\"@id\":\"https:\/\/coletivo21.art\/34-salao-bunkyo-de-arte-contemporanea\/#primaryimage\"},\"thumbnailUrl\":\"https:\/\/coletivo21.art\/wp-content\/uploads\/2024\/11\/Imagem-do-WhatsApp-de-2024-11-21-as-21.26.09_eb2161c0-e1733796788485.jpg\",\"articleSection\":[\"Blog\"],\"inLanguage\":\"en-US\",\"potentialAction\":[{\"@type\":\"CommentAction\",\"name\":\"Comment\",\"target\":[\"https:\/\/coletivo21.art\/34-salao-bunkyo-de-arte-contemporanea\/#respond\"]}]},{\"@type\":\"WebPage\",\"@id\":\"https:\/\/coletivo21.art\/34-salao-bunkyo-de-arte-contemporanea\/\",\"url\":\"https:\/\/coletivo21.art\/34-salao-bunkyo-de-arte-contemporanea\/\",\"name\":\"[V\u00eddeo] 34 Sal\u00e3o Bunkyo de arte contempor\u00e2nea - Coletivo 21\",\"isPartOf\":{\"@id\":\"https:\/\/coletivo21.art\/#website\"},\"primaryImageOfPage\":{\"@id\":\"https:\/\/coletivo21.art\/34-salao-bunkyo-de-arte-contemporanea\/#primaryimage\"},\"image\":{\"@id\":\"https:\/\/coletivo21.art\/34-salao-bunkyo-de-arte-contemporanea\/#primaryimage\"},\"thumbnailUrl\":\"https:\/\/coletivo21.art\/wp-content\/uploads\/2024\/11\/Imagem-do-WhatsApp-de-2024-11-21-as-21.26.09_eb2161c0-e1733796788485.jpg\",\"datePublished\":\"2024-12-10T01:20:40+00:00\",\"dateModified\":\"2024-12-10T02:13:15+00:00\",\"breadcrumb\":{\"@id\":\"https:\/\/coletivo21.art\/34-salao-bunkyo-de-arte-contemporanea\/#breadcrumb\"},\"inLanguage\":\"en-US\",\"potentialAction\":[{\"@type\":\"ReadAction\",\"target\":[\"https:\/\/coletivo21.art\/34-salao-bunkyo-de-arte-contemporanea\/\"]}]},{\"@type\":\"ImageObject\",\"inLanguage\":\"en-US\",\"@id\":\"https:\/\/coletivo21.art\/34-salao-bunkyo-de-arte-contemporanea\/#primaryimage\",\"url\":\"https:\/\/coletivo21.art\/wp-content\/uploads\/2024\/11\/Imagem-do-WhatsApp-de-2024-11-21-as-21.26.09_eb2161c0-e1733796788485.jpg\",\"contentUrl\":\"https:\/\/coletivo21.art\/wp-content\/uploads\/2024\/11\/Imagem-do-WhatsApp-de-2024-11-21-as-21.26.09_eb2161c0-e1733796788485.jpg\",\"width\":913,\"height\":796},{\"@type\":\"BreadcrumbList\",\"@id\":\"https:\/\/coletivo21.art\/34-salao-bunkyo-de-arte-contemporanea\/#breadcrumb\",\"itemListElement\":[{\"@type\":\"ListItem\",\"position\":1,\"name\":\"In\u00edcio\",\"item\":\"https:\/\/coletivo21.art\/\"},{\"@type\":\"ListItem\",\"position\":2,\"name\":\"[V\u00eddeo] 34 Sal\u00e3o Bunkyo de arte contempor\u00e2nea\"}]},{\"@type\":\"WebSite\",\"@id\":\"https:\/\/coletivo21.art\/#website\",\"url\":\"https:\/\/coletivo21.art\/\",\"name\":\"Coletivo 21\",\"description\":\"Coletivo de Artistas\",\"publisher\":{\"@id\":\"https:\/\/coletivo21.art\/#organization\"},\"potentialAction\":[{\"@type\":\"SearchAction\",\"target\":{\"@type\":\"EntryPoint\",\"urlTemplate\":\"https:\/\/coletivo21.art\/?s={search_term_string}\"},\"query-input\":\"required name=search_term_string\"}],\"inLanguage\":\"en-US\"},{\"@type\":\"Organization\",\"@id\":\"https:\/\/coletivo21.art\/#organization\",\"name\":\"Coletivo 21\",\"url\":\"https:\/\/coletivo21.art\/\",\"logo\":{\"@type\":\"ImageObject\",\"inLanguage\":\"en-US\",\"@id\":\"https:\/\/coletivo21.art\/#\/schema\/logo\/image\/\",\"url\":\"https:\/\/coletivo21.art\/wp-content\/uploads\/2023\/08\/C21PL.png\",\"contentUrl\":\"https:\/\/coletivo21.art\/wp-content\/uploads\/2023\/08\/C21PL.png\",\"width\":976,\"height\":231,\"caption\":\"Coletivo 21\"},\"image\":{\"@id\":\"https:\/\/coletivo21.art\/#\/schema\/logo\/image\/\"},\"sameAs\":[\"https:\/\/www.instagram.com\/coletivo_21\/\"]},{\"@type\":\"Person\",\"@id\":\"https:\/\/coletivo21.art\/#\/schema\/person\/0a074a441fe369292b021def00d771e2\",\"name\":\"Coletivo 21\",\"image\":{\"@type\":\"ImageObject\",\"inLanguage\":\"en-US\",\"@id\":\"https:\/\/coletivo21.art\/#\/schema\/person\/image\/\",\"url\":\"https:\/\/secure.gravatar.com\/avatar\/1bc6d40dc248750b53e13b33d3534423b594a2619f45b16f21b51c9d34fc54b1?s=96&d=mm&r=g\",\"contentUrl\":\"https:\/\/secure.gravatar.com\/avatar\/1bc6d40dc248750b53e13b33d3534423b594a2619f45b16f21b51c9d34fc54b1?s=96&d=mm&r=g\",\"caption\":\"Coletivo 21\"},\"description\":\"Somos um coletivo de artistas de diversas regi\u00f5es do Brasil, cada um em sua singularidade, com o desejo em comum de expor sua po\u00e9tica visual.\",\"sameAs\":[\"http:\/\/coletivo21.art\"],\"url\":\"https:\/\/coletivo21.art\/en\/author\/coletivo21-art\/\"}]}<\/script>\n<!-- \/ Yoast SEO Premium plugin. -->","yoast_head_json":{"title":"[V\u00eddeo] 34 Sal\u00e3o Bunkyo de arte contempor\u00e2nea - Coletivo 21","robots":{"index":"index","follow":"follow","max-snippet":"max-snippet:-1","max-image-preview":"max-image-preview:large","max-video-preview":"max-video-preview:-1"},"canonical":"https:\/\/coletivo21.art\/en\/34-salao-bunkyo-de-arte-contemporanea\/","og_locale":"en_US","og_type":"article","og_title":"[V\u00eddeo] 34 Sal\u00e3o Bunkyo de arte contempor\u00e2nea","og_description":"34 Sal\u00e3o Bunkyo de arte contempor\u00e2nea est\u00e1 valendo muito \u00e0 pena a visita pessoal. N\u00e3o porque fa\u00e7o parte, mas porque tem realmente qualidade. Ainda d\u00e1 tempo. Bora, bora! S\u00f3 at\u00e9 08\/12\/24. Rua Galv\u00e3o Bueno, 396. Liberdade\u2026","og_url":"https:\/\/coletivo21.art\/en\/34-salao-bunkyo-de-arte-contemporanea\/","og_site_name":"Coletivo 21","article_published_time":"2024-12-10T01:20:40+00:00","article_modified_time":"2024-12-10T02:13:15+00:00","og_image":[{"width":913,"height":796,"url":"https:\/\/coletivo21.art\/wp-content\/uploads\/2024\/11\/Imagem-do-WhatsApp-de-2024-11-21-as-21.26.09_eb2161c0-e1733796788485.jpg","type":"image\/jpeg"}],"author":"Coletivo 21","twitter_card":"summary_large_image","twitter_misc":{"Written by":"Coletivo 21","Est. reading time":"1 minute"},"schema":{"@context":"https:\/\/schema.org","@graph":[{"@type":"Article","@id":"https:\/\/coletivo21.art\/34-salao-bunkyo-de-arte-contemporanea\/#article","isPartOf":{"@id":"https:\/\/coletivo21.art\/34-salao-bunkyo-de-arte-contemporanea\/"},"author":{"name":"Coletivo 21","@id":"https:\/\/coletivo21.art\/#\/schema\/person\/0a074a441fe369292b021def00d771e2"},"headline":"[V\u00eddeo] 34 Sal\u00e3o Bunkyo de arte contempor\u00e2nea","datePublished":"2024-12-10T01:20:40+00:00","dateModified":"2024-12-10T02:13:15+00:00","mainEntityOfPage":{"@id":"https:\/\/coletivo21.art\/34-salao-bunkyo-de-arte-contemporanea\/"},"wordCount":46,"commentCount":0,"publisher":{"@id":"https:\/\/coletivo21.art\/#organization"},"image":{"@id":"https:\/\/coletivo21.art\/34-salao-bunkyo-de-arte-contemporanea\/#primaryimage"},"thumbnailUrl":"https:\/\/coletivo21.art\/wp-content\/uploads\/2024\/11\/Imagem-do-WhatsApp-de-2024-11-21-as-21.26.09_eb2161c0-e1733796788485.jpg","articleSection":["Blog"],"inLanguage":"en-US","potentialAction":[{"@type":"CommentAction","name":"Comment","target":["https:\/\/coletivo21.art\/34-salao-bunkyo-de-arte-contemporanea\/#respond"]}]},{"@type":"WebPage","@id":"https:\/\/coletivo21.art\/34-salao-bunkyo-de-arte-contemporanea\/","url":"https:\/\/coletivo21.art\/34-salao-bunkyo-de-arte-contemporanea\/","name":"[V\u00eddeo] 34 Sal\u00e3o Bunkyo de arte contempor\u00e2nea - Coletivo 21","isPartOf":{"@id":"https:\/\/coletivo21.art\/#website"},"primaryImageOfPage":{"@id":"https:\/\/coletivo21.art\/34-salao-bunkyo-de-arte-contemporanea\/#primaryimage"},"image":{"@id":"https:\/\/coletivo21.art\/34-salao-bunkyo-de-arte-contemporanea\/#primaryimage"},"thumbnailUrl":"https:\/\/coletivo21.art\/wp-content\/uploads\/2024\/11\/Imagem-do-WhatsApp-de-2024-11-21-as-21.26.09_eb2161c0-e1733796788485.jpg","datePublished":"2024-12-10T01:20:40+00:00","dateModified":"2024-12-10T02:13:15+00:00","breadcrumb":{"@id":"https:\/\/coletivo21.art\/34-salao-bunkyo-de-arte-contemporanea\/#breadcrumb"},"inLanguage":"en-US","potentialAction":[{"@type":"ReadAction","target":["https:\/\/coletivo21.art\/34-salao-bunkyo-de-arte-contemporanea\/"]}]},{"@type":"ImageObject","inLanguage":"en-US","@id":"https:\/\/coletivo21.art\/34-salao-bunkyo-de-arte-contemporanea\/#primaryimage","url":"https:\/\/coletivo21.art\/wp-content\/uploads\/2024\/11\/Imagem-do-WhatsApp-de-2024-11-21-as-21.26.09_eb2161c0-e1733796788485.jpg","contentUrl":"https:\/\/coletivo21.art\/wp-content\/uploads\/2024\/11\/Imagem-do-WhatsApp-de-2024-11-21-as-21.26.09_eb2161c0-e1733796788485.jpg","width":913,"height":796},{"@type":"BreadcrumbList","@id":"https:\/\/coletivo21.art\/34-salao-bunkyo-de-arte-contemporanea\/#breadcrumb","itemListElement":[{"@type":"ListItem","position":1,"name":"In\u00edcio","item":"https:\/\/coletivo21.art\/"},{"@type":"ListItem","position":2,"name":"[V\u00eddeo] 34 Sal\u00e3o Bunkyo de arte contempor\u00e2nea"}]},{"@type":"WebSite","@id":"https:\/\/coletivo21.art\/#website","url":"https:\/\/coletivo21.art\/","name":"Coletivo 21","description":"Coletivo de Artistas","publisher":{"@id":"https:\/\/coletivo21.art\/#organization"},"potentialAction":[{"@type":"SearchAction","target":{"@type":"EntryPoint","urlTemplate":"https:\/\/coletivo21.art\/?s={search_term_string}"},"query-input":"required name=search_term_string"}],"inLanguage":"en-US"},{"@type":"Organization","@id":"https:\/\/coletivo21.art\/#organization","name":"Coletivo 21","url":"https:\/\/coletivo21.art\/","logo":{"@type":"ImageObject","inLanguage":"en-US","@id":"https:\/\/coletivo21.art\/#\/schema\/logo\/image\/","url":"https:\/\/coletivo21.art\/wp-content\/uploads\/2023\/08\/C21PL.png","contentUrl":"https:\/\/coletivo21.art\/wp-content\/uploads\/2023\/08\/C21PL.png","width":976,"height":231,"caption":"Coletivo 21"},"image":{"@id":"https:\/\/coletivo21.art\/#\/schema\/logo\/image\/"},"sameAs":["https:\/\/www.instagram.com\/coletivo_21\/"]},{"@type":"Person","@id":"https:\/\/coletivo21.art\/#\/schema\/person\/0a074a441fe369292b021def00d771e2","name":"Coletivo 21","image":{"@type":"ImageObject","inLanguage":"en-US","@id":"https:\/\/coletivo21.art\/#\/schema\/person\/image\/","url":"https:\/\/secure.gravatar.com\/avatar\/1bc6d40dc248750b53e13b33d3534423b594a2619f45b16f21b51c9d34fc54b1?s=96&d=mm&r=g","contentUrl":"https:\/\/secure.gravatar.com\/avatar\/1bc6d40dc248750b53e13b33d3534423b594a2619f45b16f21b51c9d34fc54b1?s=96&d=mm&r=g","caption":"Coletivo 21"},"description":"Somos um coletivo de artistas de diversas regi\u00f5es do Brasil, cada um em sua singularidade, com o desejo em comum de expor sua po\u00e9tica visual.","sameAs":["http:\/\/coletivo21.art"],"url":"https:\/\/coletivo21.art\/en\/author\/coletivo21-art\/"}]}},"_links":{"self":[{"href":"https:\/\/coletivo21.art\/en\/wp-json\/wp\/v2\/posts\/1349","targetHints":{"allow":["GET"]}}],"collection":[{"href":"https:\/\/coletivo21.art\/en\/wp-json\/wp\/v2\/posts"}],"about":[{"href":"https:\/\/coletivo21.art\/en\/wp-json\/wp\/v2\/types\/post"}],"author":[{"embeddable":true,"href":"https:\/\/coletivo21.art\/en\/wp-json\/wp\/v2\/users\/1"}],"replies":[{"embeddable":true,"href":"https:\/\/coletivo21.art\/en\/wp-json\/wp\/v2\/comments?post=1349"}],"version-history":[{"count":2,"href":"https:\/\/coletivo21.art\/en\/wp-json\/wp\/v2\/posts\/1349\/revisions"}],"predecessor-version":[{"id":1354,"href":"https:\/\/coletivo21.art\/en\/wp-json\/wp\/v2\/posts\/1349\/revisions\/1354"}],"wp:featuredmedia":[{"embeddable":true,"href":"https:\/\/coletivo21.art\/en\/wp-json\/wp\/v2\/media\/1346"}],"wp:attachment":[{"href":"https:\/\/coletivo21.art\/en\/wp-json\/wp\/v2\/media?parent=1349"}],"wp:term":[{"taxonomy":"category","embeddable":true,"href":"https:\/\/coletivo21.art\/en\/wp-json\/wp\/v2\/categories?post=1349"},{"taxonomy":"post_tag","embeddable":true,"href":"https:\/\/coletivo21.art\/en\/wp-json\/wp\/v2\/tags?post=1349"}],"curies":[{"name":"wp","href":"https:\/\/api.w.org\/{rel}","templated":true}]}}