{"id":1217,"date":"2024-08-16T15:06:42","date_gmt":"2024-08-16T18:06:42","guid":{"rendered":"https:\/\/coletivo21.art\/?p=1217"},"modified":"2024-08-16T15:06:42","modified_gmt":"2024-08-16T18:06:42","slug":"explore-a-arte-contemporanea-na-exposicao-alem-textil-no-galpao-556","status":"publish","type":"post","link":"https:\/\/coletivo21.art\/en\/explore-a-arte-contemporanea-na-exposicao-alem-textil-no-galpao-556\/","title":{"rendered":"Explore a Arte Contempor\u00e2nea na Exposi\u00e7\u00e3o &#8220;Al\u00e9m T\u00eaxtil&#8221; no Galp\u00e3o 556"},"content":{"rendered":"<p>A arte \u00e9 uma forma poderosa de express\u00e3o, e quando o t\u00eaxtil entra em cena, essa express\u00e3o ganha texturas, cores e significados ainda mais profundos. Pensando nisso, o <strong>Galp\u00e3o 556<\/strong> tem o prazer de convid\u00e1-lo para a abertura da exposi\u00e7\u00e3o &#8220;Al\u00e9m T\u00eaxtil&#8221;, que acontecer\u00e1 no dia <strong>17 de agosto, s\u00e1bado, das 13h \u00e0s 17h<\/strong>.<\/p>\n\n\n\n<figure class=\"wp-block-image aligncenter size-large\"><img fetchpriority=\"high\" decoding=\"async\" width=\"576\" height=\"1024\" src=\"https:\/\/coletivo21.art\/wp-content\/uploads\/2024\/08\/Imagem-do-WhatsApp-de-2024-08-16-as-14.07.41_47c6c18b-576x1024.jpg\" alt=\"\" class=\"wp-image-1218\" srcset=\"https:\/\/coletivo21.art\/wp-content\/uploads\/2024\/08\/Imagem-do-WhatsApp-de-2024-08-16-as-14.07.41_47c6c18b-576x1024.jpg 576w, https:\/\/coletivo21.art\/wp-content\/uploads\/2024\/08\/Imagem-do-WhatsApp-de-2024-08-16-as-14.07.41_47c6c18b-169x300.jpg 169w, https:\/\/coletivo21.art\/wp-content\/uploads\/2024\/08\/Imagem-do-WhatsApp-de-2024-08-16-as-14.07.41_47c6c18b-768x1365.jpg 768w, https:\/\/coletivo21.art\/wp-content\/uploads\/2024\/08\/Imagem-do-WhatsApp-de-2024-08-16-as-14.07.41_47c6c18b-864x1536.jpg 864w, https:\/\/coletivo21.art\/wp-content\/uploads\/2024\/08\/Imagem-do-WhatsApp-de-2024-08-16-as-14.07.41_47c6c18b-7x12.jpg 7w, https:\/\/coletivo21.art\/wp-content\/uploads\/2024\/08\/Imagem-do-WhatsApp-de-2024-08-16-as-14.07.41_47c6c18b.jpg 900w\" sizes=\"(max-width: 576px) 100vw, 576px\" \/><\/figure>\n\n\n\n<p>Sob a curadoria cuidadosa de <strong>Katia Salvany<\/strong>, a exposi\u00e7\u00e3o re\u00fane um time talentoso de artistas que exploram as infinitas possibilidades do t\u00eaxtil na arte contempor\u00e2nea. Os nomes confirmados incluem:<\/p>\n\n\n\n<ul class=\"wp-block-list\">\n<li>Andrea Cabrini<\/li>\n\n\n\n<li>Anna Guerra<\/li>\n\n\n\n<li>Fernando Soares<\/li>\n\n\n\n<li>Isabella Carvalho<\/li>\n\n\n\n<li>Jussi Szil\u00e1gyi<\/li>\n\n\n\n<li>Lucas Quintas<\/li>\n\n\n\n<li>Naia Ceschin<\/li>\n\n\n\n<li>Paula Ceroni<\/li>\n\n\n\n<li>Rafaela Jemmene<\/li>\n\n\n\n<li>Renata Di Domenico<\/li>\n\n\n\n<li>Serena Garcia<\/li>\n<\/ul>\n\n\n\n<p>Cada um desses artistas traz sua vis\u00e3o \u00fanica, transformando tecidos, fios e texturas em obras de arte que v\u00e3o al\u00e9m do convencional. A exposi\u00e7\u00e3o promete ser uma imers\u00e3o em um universo onde o t\u00eaxtil \u00e9 protagonista, explorando desde a tradi\u00e7\u00e3o at\u00e9 as inova\u00e7\u00f5es mais ousadas.<\/p>\n\n\n\n<figure class=\"wp-block-image aligncenter size-large\"><img decoding=\"async\" width=\"760\" height=\"1024\" src=\"https:\/\/coletivo21.art\/wp-content\/uploads\/2024\/08\/Imagem-do-WhatsApp-de-2024-08-16-as-14.08.18_98a19053-760x1024.jpg\" alt=\"\" class=\"wp-image-1219\" srcset=\"https:\/\/coletivo21.art\/wp-content\/uploads\/2024\/08\/Imagem-do-WhatsApp-de-2024-08-16-as-14.08.18_98a19053-760x1024.jpg 760w, https:\/\/coletivo21.art\/wp-content\/uploads\/2024\/08\/Imagem-do-WhatsApp-de-2024-08-16-as-14.08.18_98a19053-223x300.jpg 223w, https:\/\/coletivo21.art\/wp-content\/uploads\/2024\/08\/Imagem-do-WhatsApp-de-2024-08-16-as-14.08.18_98a19053-768x1035.jpg 768w, https:\/\/coletivo21.art\/wp-content\/uploads\/2024\/08\/Imagem-do-WhatsApp-de-2024-08-16-as-14.08.18_98a19053-1140x1536.jpg 1140w, https:\/\/coletivo21.art\/wp-content\/uploads\/2024\/08\/Imagem-do-WhatsApp-de-2024-08-16-as-14.08.18_98a19053-9x12.jpg 9w, https:\/\/coletivo21.art\/wp-content\/uploads\/2024\/08\/Imagem-do-WhatsApp-de-2024-08-16-as-14.08.18_98a19053.jpg 1170w\" sizes=\"(max-width: 760px) 100vw, 760px\" \/><\/figure>\n\n\n\n<p><strong>Por que voc\u00ea n\u00e3o pode perder?<\/strong><\/p>\n\n\n\n<p>Al\u00e9m de ser uma oportunidade imperd\u00edvel de apreciar trabalhos de alta qualidade, a &#8220;Al\u00e9m T\u00eaxtil&#8221; \u00e9 uma chance de mergulhar no di\u00e1logo entre o material e o conceitual. A exposi\u00e7\u00e3o permite que os visitantes reflitam sobre o papel do t\u00eaxtil na sociedade e na arte, questionando e reinterpretando seu uso e significado.<\/p>\n\n\n\n<p><strong>Como chegar?<\/strong><\/p>\n\n\n\n<p>O <strong>Galp\u00e3o 556<\/strong> est\u00e1 localizado na <strong>Rua Lavradio, 556, Barra Funda, S\u00e3o Paulo<\/strong>. Um espa\u00e7o que, assim como as obras expostas, desafia a norma e convida \u00e0 experimenta\u00e7\u00e3o e \u00e0 descoberta.<\/p>\n\n\n\n<p>Reserve um tempo na sua agenda e venha conferir de perto essas cria\u00e7\u00f5es que prometem surpreender e inspirar. Marque na sua agenda: <strong>17 de agosto, das 13h \u00e0s 17h<\/strong>. Esperamos por voc\u00ea!<\/p>","protected":false},"excerpt":{"rendered":"<p>A arte \u00e9 uma forma poderosa de express\u00e3o, e quando o t\u00eaxtil entra em cena, essa express\u00e3o ganha texturas, cores e significados ainda mais profundos. Pensando nisso, o Galp\u00e3o 556 tem o prazer de convid\u00e1-lo para a abertura da exposi\u00e7\u00e3o &#8220;Al\u00e9m T\u00eaxtil&#8221;, que acontecer\u00e1 no dia 17 de agosto, s\u00e1bado, das 13h \u00e0s 17h. Sob [&hellip;]<\/p>","protected":false},"author":1,"featured_media":1218,"comment_status":"open","ping_status":"open","sticky":false,"template":"","format":"standard","meta":{"footnotes":""},"categories":[1],"tags":[],"class_list":["post-1217","post","type-post","status-publish","format-standard","has-post-thumbnail","hentry","category-blog"],"yoast_head":"<!-- This site is optimized with the Yoast SEO Premium plugin v22.8 (Yoast SEO v22.8) - https:\/\/yoast.com\/wordpress\/plugins\/seo\/ -->\n<title>Explore a Arte Contempor\u00e2nea na Exposi\u00e7\u00e3o &quot;Al\u00e9m T\u00eaxtil&quot; no Galp\u00e3o 556 - Coletivo 21<\/title>\n<meta name=\"robots\" content=\"index, follow, max-snippet:-1, max-image-preview:large, max-video-preview:-1\" \/>\n<link rel=\"canonical\" href=\"https:\/\/coletivo21.art\/en\/explore-a-arte-contemporanea-na-exposicao-alem-textil-no-galpao-556\/\" \/>\n<meta property=\"og:locale\" content=\"en_US\" \/>\n<meta property=\"og:type\" content=\"article\" \/>\n<meta property=\"og:title\" content=\"Explore a Arte Contempor\u00e2nea na Exposi\u00e7\u00e3o &quot;Al\u00e9m T\u00eaxtil&quot; no Galp\u00e3o 556\" \/>\n<meta property=\"og:description\" content=\"A arte \u00e9 uma forma poderosa de express\u00e3o, e quando o t\u00eaxtil entra em cena, essa express\u00e3o ganha texturas, cores e significados ainda mais profundos. Pensando nisso, o Galp\u00e3o 556 tem o prazer de convid\u00e1-lo para a abertura da exposi\u00e7\u00e3o &#8220;Al\u00e9m T\u00eaxtil&#8221;, que acontecer\u00e1 no dia 17 de agosto, s\u00e1bado, das 13h \u00e0s 17h. Sob [&hellip;]\" \/>\n<meta property=\"og:url\" content=\"https:\/\/coletivo21.art\/en\/explore-a-arte-contemporanea-na-exposicao-alem-textil-no-galpao-556\/\" \/>\n<meta property=\"og:site_name\" content=\"Coletivo 21\" \/>\n<meta property=\"article:published_time\" content=\"2024-08-16T18:06:42+00:00\" \/>\n<meta property=\"og:image\" content=\"https:\/\/coletivo21.art\/wp-content\/uploads\/2024\/08\/Imagem-do-WhatsApp-de-2024-08-16-as-14.07.41_47c6c18b.jpg\" \/>\n\t<meta property=\"og:image:width\" content=\"900\" \/>\n\t<meta property=\"og:image:height\" content=\"1600\" \/>\n\t<meta property=\"og:image:type\" content=\"image\/jpeg\" \/>\n<meta name=\"author\" content=\"Coletivo 21\" \/>\n<meta name=\"twitter:card\" content=\"summary_large_image\" \/>\n<meta name=\"twitter:label1\" content=\"Written by\" \/>\n\t<meta name=\"twitter:data1\" content=\"Coletivo 21\" \/>\n\t<meta name=\"twitter:label2\" content=\"Est. reading time\" \/>\n\t<meta name=\"twitter:data2\" content=\"3 minutes\" \/>\n<script type=\"application\/ld+json\" class=\"yoast-schema-graph\">{\"@context\":\"https:\/\/schema.org\",\"@graph\":[{\"@type\":\"Article\",\"@id\":\"https:\/\/coletivo21.art\/explore-a-arte-contemporanea-na-exposicao-alem-textil-no-galpao-556\/#article\",\"isPartOf\":{\"@id\":\"https:\/\/coletivo21.art\/explore-a-arte-contemporanea-na-exposicao-alem-textil-no-galpao-556\/\"},\"author\":{\"name\":\"Coletivo 21\",\"@id\":\"https:\/\/coletivo21.art\/#\/schema\/person\/0a074a441fe369292b021def00d771e2\"},\"headline\":\"Explore a Arte Contempor\u00e2nea na Exposi\u00e7\u00e3o &#8220;Al\u00e9m T\u00eaxtil&#8221; no Galp\u00e3o 556\",\"datePublished\":\"2024-08-16T18:06:42+00:00\",\"dateModified\":\"2024-08-16T18:06:42+00:00\",\"mainEntityOfPage\":{\"@id\":\"https:\/\/coletivo21.art\/explore-a-arte-contemporanea-na-exposicao-alem-textil-no-galpao-556\/\"},\"wordCount\":314,\"commentCount\":0,\"publisher\":{\"@id\":\"https:\/\/coletivo21.art\/#organization\"},\"image\":{\"@id\":\"https:\/\/coletivo21.art\/explore-a-arte-contemporanea-na-exposicao-alem-textil-no-galpao-556\/#primaryimage\"},\"thumbnailUrl\":\"https:\/\/coletivo21.art\/wp-content\/uploads\/2024\/08\/Imagem-do-WhatsApp-de-2024-08-16-as-14.07.41_47c6c18b.jpg\",\"articleSection\":[\"Blog\"],\"inLanguage\":\"en-US\",\"potentialAction\":[{\"@type\":\"CommentAction\",\"name\":\"Comment\",\"target\":[\"https:\/\/coletivo21.art\/explore-a-arte-contemporanea-na-exposicao-alem-textil-no-galpao-556\/#respond\"]}]},{\"@type\":\"WebPage\",\"@id\":\"https:\/\/coletivo21.art\/explore-a-arte-contemporanea-na-exposicao-alem-textil-no-galpao-556\/\",\"url\":\"https:\/\/coletivo21.art\/explore-a-arte-contemporanea-na-exposicao-alem-textil-no-galpao-556\/\",\"name\":\"Explore a Arte Contempor\u00e2nea na Exposi\u00e7\u00e3o \\\"Al\u00e9m T\u00eaxtil\\\" no Galp\u00e3o 556 - Coletivo 21\",\"isPartOf\":{\"@id\":\"https:\/\/coletivo21.art\/#website\"},\"primaryImageOfPage\":{\"@id\":\"https:\/\/coletivo21.art\/explore-a-arte-contemporanea-na-exposicao-alem-textil-no-galpao-556\/#primaryimage\"},\"image\":{\"@id\":\"https:\/\/coletivo21.art\/explore-a-arte-contemporanea-na-exposicao-alem-textil-no-galpao-556\/#primaryimage\"},\"thumbnailUrl\":\"https:\/\/coletivo21.art\/wp-content\/uploads\/2024\/08\/Imagem-do-WhatsApp-de-2024-08-16-as-14.07.41_47c6c18b.jpg\",\"datePublished\":\"2024-08-16T18:06:42+00:00\",\"dateModified\":\"2024-08-16T18:06:42+00:00\",\"breadcrumb\":{\"@id\":\"https:\/\/coletivo21.art\/explore-a-arte-contemporanea-na-exposicao-alem-textil-no-galpao-556\/#breadcrumb\"},\"inLanguage\":\"en-US\",\"potentialAction\":[{\"@type\":\"ReadAction\",\"target\":[\"https:\/\/coletivo21.art\/explore-a-arte-contemporanea-na-exposicao-alem-textil-no-galpao-556\/\"]}]},{\"@type\":\"ImageObject\",\"inLanguage\":\"en-US\",\"@id\":\"https:\/\/coletivo21.art\/explore-a-arte-contemporanea-na-exposicao-alem-textil-no-galpao-556\/#primaryimage\",\"url\":\"https:\/\/coletivo21.art\/wp-content\/uploads\/2024\/08\/Imagem-do-WhatsApp-de-2024-08-16-as-14.07.41_47c6c18b.jpg\",\"contentUrl\":\"https:\/\/coletivo21.art\/wp-content\/uploads\/2024\/08\/Imagem-do-WhatsApp-de-2024-08-16-as-14.07.41_47c6c18b.jpg\",\"width\":900,\"height\":1600},{\"@type\":\"BreadcrumbList\",\"@id\":\"https:\/\/coletivo21.art\/explore-a-arte-contemporanea-na-exposicao-alem-textil-no-galpao-556\/#breadcrumb\",\"itemListElement\":[{\"@type\":\"ListItem\",\"position\":1,\"name\":\"In\u00edcio\",\"item\":\"https:\/\/coletivo21.art\/\"},{\"@type\":\"ListItem\",\"position\":2,\"name\":\"Explore a Arte Contempor\u00e2nea na Exposi\u00e7\u00e3o &#8220;Al\u00e9m T\u00eaxtil&#8221; no Galp\u00e3o 556\"}]},{\"@type\":\"WebSite\",\"@id\":\"https:\/\/coletivo21.art\/#website\",\"url\":\"https:\/\/coletivo21.art\/\",\"name\":\"Coletivo 21\",\"description\":\"Coletivo de Artistas\",\"publisher\":{\"@id\":\"https:\/\/coletivo21.art\/#organization\"},\"potentialAction\":[{\"@type\":\"SearchAction\",\"target\":{\"@type\":\"EntryPoint\",\"urlTemplate\":\"https:\/\/coletivo21.art\/?s={search_term_string}\"},\"query-input\":\"required name=search_term_string\"}],\"inLanguage\":\"en-US\"},{\"@type\":\"Organization\",\"@id\":\"https:\/\/coletivo21.art\/#organization\",\"name\":\"Coletivo 21\",\"url\":\"https:\/\/coletivo21.art\/\",\"logo\":{\"@type\":\"ImageObject\",\"inLanguage\":\"en-US\",\"@id\":\"https:\/\/coletivo21.art\/#\/schema\/logo\/image\/\",\"url\":\"https:\/\/coletivo21.art\/wp-content\/uploads\/2023\/08\/C21PL.png\",\"contentUrl\":\"https:\/\/coletivo21.art\/wp-content\/uploads\/2023\/08\/C21PL.png\",\"width\":976,\"height\":231,\"caption\":\"Coletivo 21\"},\"image\":{\"@id\":\"https:\/\/coletivo21.art\/#\/schema\/logo\/image\/\"},\"sameAs\":[\"https:\/\/www.instagram.com\/coletivo_21\/\"]},{\"@type\":\"Person\",\"@id\":\"https:\/\/coletivo21.art\/#\/schema\/person\/0a074a441fe369292b021def00d771e2\",\"name\":\"Coletivo 21\",\"image\":{\"@type\":\"ImageObject\",\"inLanguage\":\"en-US\",\"@id\":\"https:\/\/coletivo21.art\/#\/schema\/person\/image\/\",\"url\":\"https:\/\/secure.gravatar.com\/avatar\/1bc6d40dc248750b53e13b33d3534423b594a2619f45b16f21b51c9d34fc54b1?s=96&d=mm&r=g\",\"contentUrl\":\"https:\/\/secure.gravatar.com\/avatar\/1bc6d40dc248750b53e13b33d3534423b594a2619f45b16f21b51c9d34fc54b1?s=96&d=mm&r=g\",\"caption\":\"Coletivo 21\"},\"description\":\"Somos um coletivo de artistas de diversas regi\u00f5es do Brasil, cada um em sua singularidade, com o desejo em comum de expor sua po\u00e9tica visual.\",\"sameAs\":[\"http:\/\/coletivo21.art\"],\"url\":\"https:\/\/coletivo21.art\/en\/author\/coletivo21-art\/\"}]}<\/script>\n<!-- \/ Yoast SEO Premium plugin. -->","yoast_head_json":{"title":"Explore a Arte Contempor\u00e2nea na Exposi\u00e7\u00e3o \"Al\u00e9m T\u00eaxtil\" no Galp\u00e3o 556 - Coletivo 21","robots":{"index":"index","follow":"follow","max-snippet":"max-snippet:-1","max-image-preview":"max-image-preview:large","max-video-preview":"max-video-preview:-1"},"canonical":"https:\/\/coletivo21.art\/en\/explore-a-arte-contemporanea-na-exposicao-alem-textil-no-galpao-556\/","og_locale":"en_US","og_type":"article","og_title":"Explore a Arte Contempor\u00e2nea na Exposi\u00e7\u00e3o \"Al\u00e9m T\u00eaxtil\" no Galp\u00e3o 556","og_description":"A arte \u00e9 uma forma poderosa de express\u00e3o, e quando o t\u00eaxtil entra em cena, essa express\u00e3o ganha texturas, cores e significados ainda mais profundos. Pensando nisso, o Galp\u00e3o 556 tem o prazer de convid\u00e1-lo para a abertura da exposi\u00e7\u00e3o &#8220;Al\u00e9m T\u00eaxtil&#8221;, que acontecer\u00e1 no dia 17 de agosto, s\u00e1bado, das 13h \u00e0s 17h. Sob [&hellip;]","og_url":"https:\/\/coletivo21.art\/en\/explore-a-arte-contemporanea-na-exposicao-alem-textil-no-galpao-556\/","og_site_name":"Coletivo 21","article_published_time":"2024-08-16T18:06:42+00:00","og_image":[{"width":900,"height":1600,"url":"https:\/\/coletivo21.art\/wp-content\/uploads\/2024\/08\/Imagem-do-WhatsApp-de-2024-08-16-as-14.07.41_47c6c18b.jpg","type":"image\/jpeg"}],"author":"Coletivo 21","twitter_card":"summary_large_image","twitter_misc":{"Written by":"Coletivo 21","Est. reading time":"3 minutes"},"schema":{"@context":"https:\/\/schema.org","@graph":[{"@type":"Article","@id":"https:\/\/coletivo21.art\/explore-a-arte-contemporanea-na-exposicao-alem-textil-no-galpao-556\/#article","isPartOf":{"@id":"https:\/\/coletivo21.art\/explore-a-arte-contemporanea-na-exposicao-alem-textil-no-galpao-556\/"},"author":{"name":"Coletivo 21","@id":"https:\/\/coletivo21.art\/#\/schema\/person\/0a074a441fe369292b021def00d771e2"},"headline":"Explore a Arte Contempor\u00e2nea na Exposi\u00e7\u00e3o &#8220;Al\u00e9m T\u00eaxtil&#8221; no Galp\u00e3o 556","datePublished":"2024-08-16T18:06:42+00:00","dateModified":"2024-08-16T18:06:42+00:00","mainEntityOfPage":{"@id":"https:\/\/coletivo21.art\/explore-a-arte-contemporanea-na-exposicao-alem-textil-no-galpao-556\/"},"wordCount":314,"commentCount":0,"publisher":{"@id":"https:\/\/coletivo21.art\/#organization"},"image":{"@id":"https:\/\/coletivo21.art\/explore-a-arte-contemporanea-na-exposicao-alem-textil-no-galpao-556\/#primaryimage"},"thumbnailUrl":"https:\/\/coletivo21.art\/wp-content\/uploads\/2024\/08\/Imagem-do-WhatsApp-de-2024-08-16-as-14.07.41_47c6c18b.jpg","articleSection":["Blog"],"inLanguage":"en-US","potentialAction":[{"@type":"CommentAction","name":"Comment","target":["https:\/\/coletivo21.art\/explore-a-arte-contemporanea-na-exposicao-alem-textil-no-galpao-556\/#respond"]}]},{"@type":"WebPage","@id":"https:\/\/coletivo21.art\/explore-a-arte-contemporanea-na-exposicao-alem-textil-no-galpao-556\/","url":"https:\/\/coletivo21.art\/explore-a-arte-contemporanea-na-exposicao-alem-textil-no-galpao-556\/","name":"Explore a Arte Contempor\u00e2nea na Exposi\u00e7\u00e3o \"Al\u00e9m T\u00eaxtil\" no Galp\u00e3o 556 - Coletivo 21","isPartOf":{"@id":"https:\/\/coletivo21.art\/#website"},"primaryImageOfPage":{"@id":"https:\/\/coletivo21.art\/explore-a-arte-contemporanea-na-exposicao-alem-textil-no-galpao-556\/#primaryimage"},"image":{"@id":"https:\/\/coletivo21.art\/explore-a-arte-contemporanea-na-exposicao-alem-textil-no-galpao-556\/#primaryimage"},"thumbnailUrl":"https:\/\/coletivo21.art\/wp-content\/uploads\/2024\/08\/Imagem-do-WhatsApp-de-2024-08-16-as-14.07.41_47c6c18b.jpg","datePublished":"2024-08-16T18:06:42+00:00","dateModified":"2024-08-16T18:06:42+00:00","breadcrumb":{"@id":"https:\/\/coletivo21.art\/explore-a-arte-contemporanea-na-exposicao-alem-textil-no-galpao-556\/#breadcrumb"},"inLanguage":"en-US","potentialAction":[{"@type":"ReadAction","target":["https:\/\/coletivo21.art\/explore-a-arte-contemporanea-na-exposicao-alem-textil-no-galpao-556\/"]}]},{"@type":"ImageObject","inLanguage":"en-US","@id":"https:\/\/coletivo21.art\/explore-a-arte-contemporanea-na-exposicao-alem-textil-no-galpao-556\/#primaryimage","url":"https:\/\/coletivo21.art\/wp-content\/uploads\/2024\/08\/Imagem-do-WhatsApp-de-2024-08-16-as-14.07.41_47c6c18b.jpg","contentUrl":"https:\/\/coletivo21.art\/wp-content\/uploads\/2024\/08\/Imagem-do-WhatsApp-de-2024-08-16-as-14.07.41_47c6c18b.jpg","width":900,"height":1600},{"@type":"BreadcrumbList","@id":"https:\/\/coletivo21.art\/explore-a-arte-contemporanea-na-exposicao-alem-textil-no-galpao-556\/#breadcrumb","itemListElement":[{"@type":"ListItem","position":1,"name":"In\u00edcio","item":"https:\/\/coletivo21.art\/"},{"@type":"ListItem","position":2,"name":"Explore a Arte Contempor\u00e2nea na Exposi\u00e7\u00e3o &#8220;Al\u00e9m T\u00eaxtil&#8221; no Galp\u00e3o 556"}]},{"@type":"WebSite","@id":"https:\/\/coletivo21.art\/#website","url":"https:\/\/coletivo21.art\/","name":"Coletivo 21","description":"Coletivo de Artistas","publisher":{"@id":"https:\/\/coletivo21.art\/#organization"},"potentialAction":[{"@type":"SearchAction","target":{"@type":"EntryPoint","urlTemplate":"https:\/\/coletivo21.art\/?s={search_term_string}"},"query-input":"required name=search_term_string"}],"inLanguage":"en-US"},{"@type":"Organization","@id":"https:\/\/coletivo21.art\/#organization","name":"Coletivo 21","url":"https:\/\/coletivo21.art\/","logo":{"@type":"ImageObject","inLanguage":"en-US","@id":"https:\/\/coletivo21.art\/#\/schema\/logo\/image\/","url":"https:\/\/coletivo21.art\/wp-content\/uploads\/2023\/08\/C21PL.png","contentUrl":"https:\/\/coletivo21.art\/wp-content\/uploads\/2023\/08\/C21PL.png","width":976,"height":231,"caption":"Coletivo 21"},"image":{"@id":"https:\/\/coletivo21.art\/#\/schema\/logo\/image\/"},"sameAs":["https:\/\/www.instagram.com\/coletivo_21\/"]},{"@type":"Person","@id":"https:\/\/coletivo21.art\/#\/schema\/person\/0a074a441fe369292b021def00d771e2","name":"Coletivo 21","image":{"@type":"ImageObject","inLanguage":"en-US","@id":"https:\/\/coletivo21.art\/#\/schema\/person\/image\/","url":"https:\/\/secure.gravatar.com\/avatar\/1bc6d40dc248750b53e13b33d3534423b594a2619f45b16f21b51c9d34fc54b1?s=96&d=mm&r=g","contentUrl":"https:\/\/secure.gravatar.com\/avatar\/1bc6d40dc248750b53e13b33d3534423b594a2619f45b16f21b51c9d34fc54b1?s=96&d=mm&r=g","caption":"Coletivo 21"},"description":"Somos um coletivo de artistas de diversas regi\u00f5es do Brasil, cada um em sua singularidade, com o desejo em comum de expor sua po\u00e9tica visual.","sameAs":["http:\/\/coletivo21.art"],"url":"https:\/\/coletivo21.art\/en\/author\/coletivo21-art\/"}]}},"_links":{"self":[{"href":"https:\/\/coletivo21.art\/en\/wp-json\/wp\/v2\/posts\/1217","targetHints":{"allow":["GET"]}}],"collection":[{"href":"https:\/\/coletivo21.art\/en\/wp-json\/wp\/v2\/posts"}],"about":[{"href":"https:\/\/coletivo21.art\/en\/wp-json\/wp\/v2\/types\/post"}],"author":[{"embeddable":true,"href":"https:\/\/coletivo21.art\/en\/wp-json\/wp\/v2\/users\/1"}],"replies":[{"embeddable":true,"href":"https:\/\/coletivo21.art\/en\/wp-json\/wp\/v2\/comments?post=1217"}],"version-history":[{"count":1,"href":"https:\/\/coletivo21.art\/en\/wp-json\/wp\/v2\/posts\/1217\/revisions"}],"predecessor-version":[{"id":1220,"href":"https:\/\/coletivo21.art\/en\/wp-json\/wp\/v2\/posts\/1217\/revisions\/1220"}],"wp:featuredmedia":[{"embeddable":true,"href":"https:\/\/coletivo21.art\/en\/wp-json\/wp\/v2\/media\/1218"}],"wp:attachment":[{"href":"https:\/\/coletivo21.art\/en\/wp-json\/wp\/v2\/media?parent=1217"}],"wp:term":[{"taxonomy":"category","embeddable":true,"href":"https:\/\/coletivo21.art\/en\/wp-json\/wp\/v2\/categories?post=1217"},{"taxonomy":"post_tag","embeddable":true,"href":"https:\/\/coletivo21.art\/en\/wp-json\/wp\/v2\/tags?post=1217"}],"curies":[{"name":"wp","href":"https:\/\/api.w.org\/{rel}","templated":true}]}}