{"id":1165,"date":"2024-08-12T11:04:58","date_gmt":"2024-08-12T14:04:58","guid":{"rendered":"https:\/\/coletivo21.art\/?p=1165"},"modified":"2024-08-12T11:04:58","modified_gmt":"2024-08-12T14:04:58","slug":"novo-logo-do-coletivo-21","status":"publish","type":"post","link":"https:\/\/coletivo21.art\/en\/novo-logo-do-coletivo-21\/","title":{"rendered":"Novo logo do Coletivo 21"},"content":{"rendered":"<figure class=\"wp-block-image size-large\"><img fetchpriority=\"high\" decoding=\"async\" width=\"1024\" height=\"1024\" src=\"https:\/\/coletivo21.art\/wp-content\/uploads\/2024\/08\/WhatsApp-Image-2024-08-09-at-17.14.39-1024x1024.jpeg\" alt=\"\" class=\"wp-image-1166\" srcset=\"https:\/\/coletivo21.art\/wp-content\/uploads\/2024\/08\/WhatsApp-Image-2024-08-09-at-17.14.39-1024x1024.jpeg 1024w, https:\/\/coletivo21.art\/wp-content\/uploads\/2024\/08\/WhatsApp-Image-2024-08-09-at-17.14.39-300x300.jpeg 300w, https:\/\/coletivo21.art\/wp-content\/uploads\/2024\/08\/WhatsApp-Image-2024-08-09-at-17.14.39-150x150.jpeg 150w, https:\/\/coletivo21.art\/wp-content\/uploads\/2024\/08\/WhatsApp-Image-2024-08-09-at-17.14.39-768x768.jpeg 768w, https:\/\/coletivo21.art\/wp-content\/uploads\/2024\/08\/WhatsApp-Image-2024-08-09-at-17.14.39-12x12.jpeg 12w, https:\/\/coletivo21.art\/wp-content\/uploads\/2024\/08\/WhatsApp-Image-2024-08-09-at-17.14.39.jpeg 1080w\" sizes=\"(max-width: 1024px) 100vw, 1024px\" \/><\/figure>\n\n\n\n<p>O Coletivo 21 nasceu como uma iniciativa de artistas visuais unidos pela paix\u00e3o pela arte e pela vontade de expandir horizontes atrav\u00e9s de exposi\u00e7\u00f5es e projetos colaborativos. Ao longo dos anos, nossa trajet\u00f3ria foi marcada por um constante crescimento, tanto em termos de n\u00famero de integrantes quanto de visibilidade no cen\u00e1rio art\u00edstico.<\/p>\n\n\n\n<p>No entanto, com esse crescimento, surgiu a necessidade de uma renova\u00e7\u00e3o que refletisse melhor nossa ess\u00eancia e nossa vis\u00e3o de futuro. Sentimos que nossa identidade visual deveria acompanhar essa evolu\u00e7\u00e3o, proporcionando uma representa\u00e7\u00e3o mais clara e impactante do que somos e do que queremos comunicar ao mundo.<\/p>\n\n\n\n<p><strong>Por que mudar?<\/strong><\/p>\n\n\n\n<ol class=\"wp-block-list\">\n<li><strong>Reflex\u00e3o da Maturidade:<\/strong> O novo logo \u00e9 uma representa\u00e7\u00e3o do amadurecimento do Coletivo 21. A escolha de uma tipografia forte e moderna, combinada com o contraste entre o preto e o laranja vibrante, transmite a seriedade e o compromisso do coletivo com a excel\u00eancia art\u00edstica, ao mesmo tempo em que mant\u00e9m uma energia jovem e criativa.<\/li>\n\n\n\n<li><strong>Visibilidade e Impacto:<\/strong> O design atual \u00e9 simples, mas marcante. Em um ambiente visualmente saturado, acreditamos que a simplicidade \u00e9 uma poderosa aliada. O novo logo se destaca de maneira eficaz em diferentes plataformas, seja em materiais impressos ou digitais, garantindo que o Coletivo 21 seja imediatamente reconhecido.<\/li>\n\n\n\n<li><strong>Versatilidade:<\/strong> A nova identidade visual foi pensada para ser adapt\u00e1vel a uma variedade de contextos, desde exposi\u00e7\u00f5es at\u00e9 colabora\u00e7\u00f5es com outros artistas e institui\u00e7\u00f5es. A flexibilidade do design permite que ele seja utilizado de forma coerente e eficaz em diferentes tamanhos e formatos.<\/li>\n\n\n\n<li><strong>Representatividade:<\/strong> O n\u00famero 21 no logo mant\u00e9m a liga\u00e7\u00e3o com a nossa hist\u00f3ria, enquanto a nova tipografia e paleta de cores refletem a diversidade e a pluralidade dos artistas que comp\u00f5em o coletivo. O design \u00e9 ao mesmo tempo inclusivo e representativo, dialogando com as m\u00faltiplas vozes e estilos presentes em nosso grupo.<\/li>\n<\/ol>\n\n\n\n<p><strong>Conclus\u00e3o<\/strong><\/p>\n\n\n\n<p>A mudan\u00e7a para este novo logo \u00e9 um passo natural na evolu\u00e7\u00e3o do Coletivo 21. Ele simboliza nossa jornada at\u00e9 aqui e projeta nossa vis\u00e3o para o futuro. Estamos confiantes de que essa nova identidade visual nos acompanhar\u00e1 em muitos outros cap\u00edtulos de nossa hist\u00f3ria, refor\u00e7ando nosso compromisso com a arte e a inova\u00e7\u00e3o.<\/p>","protected":false},"excerpt":{"rendered":"<p>O Coletivo 21 nasceu como uma iniciativa de artistas visuais unidos pela paix\u00e3o pela arte e pela vontade de expandir horizontes atrav\u00e9s de exposi\u00e7\u00f5es e projetos colaborativos. Ao longo dos anos, nossa trajet\u00f3ria foi marcada por um constante crescimento, tanto em termos de n\u00famero de integrantes quanto de visibilidade no cen\u00e1rio art\u00edstico. No entanto, com [&hellip;]<\/p>","protected":false},"author":1,"featured_media":1166,"comment_status":"open","ping_status":"open","sticky":false,"template":"","format":"standard","meta":{"footnotes":""},"categories":[1],"tags":[],"class_list":["post-1165","post","type-post","status-publish","format-standard","has-post-thumbnail","hentry","category-blog"],"yoast_head":"<!-- This site is optimized with the Yoast SEO Premium plugin v22.8 (Yoast SEO v22.8) - https:\/\/yoast.com\/wordpress\/plugins\/seo\/ -->\n<title>Novo logo do Coletivo 21 - Coletivo 21<\/title>\n<meta name=\"robots\" content=\"index, follow, max-snippet:-1, max-image-preview:large, max-video-preview:-1\" \/>\n<link rel=\"canonical\" href=\"https:\/\/coletivo21.art\/en\/novo-logo-do-coletivo-21\/\" \/>\n<meta property=\"og:locale\" content=\"en_US\" \/>\n<meta property=\"og:type\" content=\"article\" \/>\n<meta property=\"og:title\" content=\"Novo logo do Coletivo 21\" \/>\n<meta property=\"og:description\" content=\"O Coletivo 21 nasceu como uma iniciativa de artistas visuais unidos pela paix\u00e3o pela arte e pela vontade de expandir horizontes atrav\u00e9s de exposi\u00e7\u00f5es e projetos colaborativos. Ao longo dos anos, nossa trajet\u00f3ria foi marcada por um constante crescimento, tanto em termos de n\u00famero de integrantes quanto de visibilidade no cen\u00e1rio art\u00edstico. No entanto, com [&hellip;]\" \/>\n<meta property=\"og:url\" content=\"https:\/\/coletivo21.art\/en\/novo-logo-do-coletivo-21\/\" \/>\n<meta property=\"og:site_name\" content=\"Coletivo 21\" \/>\n<meta property=\"article:published_time\" content=\"2024-08-12T14:04:58+00:00\" \/>\n<meta property=\"og:image\" content=\"https:\/\/coletivo21.art\/wp-content\/uploads\/2024\/08\/WhatsApp-Image-2024-08-09-at-17.14.39.jpeg\" \/>\n\t<meta property=\"og:image:width\" content=\"1080\" \/>\n\t<meta property=\"og:image:height\" content=\"1080\" \/>\n\t<meta property=\"og:image:type\" content=\"image\/jpeg\" \/>\n<meta name=\"author\" content=\"Coletivo 21\" \/>\n<meta name=\"twitter:card\" content=\"summary_large_image\" \/>\n<meta name=\"twitter:label1\" content=\"Written by\" \/>\n\t<meta name=\"twitter:data1\" content=\"Coletivo 21\" \/>\n\t<meta name=\"twitter:label2\" content=\"Est. reading time\" \/>\n\t<meta name=\"twitter:data2\" content=\"3 minutes\" \/>\n<script type=\"application\/ld+json\" class=\"yoast-schema-graph\">{\"@context\":\"https:\/\/schema.org\",\"@graph\":[{\"@type\":\"Article\",\"@id\":\"https:\/\/coletivo21.art\/novo-logo-do-coletivo-21\/#article\",\"isPartOf\":{\"@id\":\"https:\/\/coletivo21.art\/novo-logo-do-coletivo-21\/\"},\"author\":{\"name\":\"Coletivo 21\",\"@id\":\"https:\/\/coletivo21.art\/#\/schema\/person\/0a074a441fe369292b021def00d771e2\"},\"headline\":\"Novo logo do Coletivo 21\",\"datePublished\":\"2024-08-12T14:04:58+00:00\",\"dateModified\":\"2024-08-12T14:04:58+00:00\",\"mainEntityOfPage\":{\"@id\":\"https:\/\/coletivo21.art\/novo-logo-do-coletivo-21\/\"},\"wordCount\":386,\"commentCount\":0,\"publisher\":{\"@id\":\"https:\/\/coletivo21.art\/#organization\"},\"image\":{\"@id\":\"https:\/\/coletivo21.art\/novo-logo-do-coletivo-21\/#primaryimage\"},\"thumbnailUrl\":\"https:\/\/coletivo21.art\/wp-content\/uploads\/2024\/08\/WhatsApp-Image-2024-08-09-at-17.14.39.jpeg\",\"articleSection\":[\"Blog\"],\"inLanguage\":\"en-US\",\"potentialAction\":[{\"@type\":\"CommentAction\",\"name\":\"Comment\",\"target\":[\"https:\/\/coletivo21.art\/novo-logo-do-coletivo-21\/#respond\"]}]},{\"@type\":\"WebPage\",\"@id\":\"https:\/\/coletivo21.art\/novo-logo-do-coletivo-21\/\",\"url\":\"https:\/\/coletivo21.art\/novo-logo-do-coletivo-21\/\",\"name\":\"Novo logo do Coletivo 21 - Coletivo 21\",\"isPartOf\":{\"@id\":\"https:\/\/coletivo21.art\/#website\"},\"primaryImageOfPage\":{\"@id\":\"https:\/\/coletivo21.art\/novo-logo-do-coletivo-21\/#primaryimage\"},\"image\":{\"@id\":\"https:\/\/coletivo21.art\/novo-logo-do-coletivo-21\/#primaryimage\"},\"thumbnailUrl\":\"https:\/\/coletivo21.art\/wp-content\/uploads\/2024\/08\/WhatsApp-Image-2024-08-09-at-17.14.39.jpeg\",\"datePublished\":\"2024-08-12T14:04:58+00:00\",\"dateModified\":\"2024-08-12T14:04:58+00:00\",\"breadcrumb\":{\"@id\":\"https:\/\/coletivo21.art\/novo-logo-do-coletivo-21\/#breadcrumb\"},\"inLanguage\":\"en-US\",\"potentialAction\":[{\"@type\":\"ReadAction\",\"target\":[\"https:\/\/coletivo21.art\/novo-logo-do-coletivo-21\/\"]}]},{\"@type\":\"ImageObject\",\"inLanguage\":\"en-US\",\"@id\":\"https:\/\/coletivo21.art\/novo-logo-do-coletivo-21\/#primaryimage\",\"url\":\"https:\/\/coletivo21.art\/wp-content\/uploads\/2024\/08\/WhatsApp-Image-2024-08-09-at-17.14.39.jpeg\",\"contentUrl\":\"https:\/\/coletivo21.art\/wp-content\/uploads\/2024\/08\/WhatsApp-Image-2024-08-09-at-17.14.39.jpeg\",\"width\":1080,\"height\":1080},{\"@type\":\"BreadcrumbList\",\"@id\":\"https:\/\/coletivo21.art\/novo-logo-do-coletivo-21\/#breadcrumb\",\"itemListElement\":[{\"@type\":\"ListItem\",\"position\":1,\"name\":\"In\u00edcio\",\"item\":\"https:\/\/coletivo21.art\/\"},{\"@type\":\"ListItem\",\"position\":2,\"name\":\"Novo logo do Coletivo 21\"}]},{\"@type\":\"WebSite\",\"@id\":\"https:\/\/coletivo21.art\/#website\",\"url\":\"https:\/\/coletivo21.art\/\",\"name\":\"Coletivo 21\",\"description\":\"Coletivo de Artistas\",\"publisher\":{\"@id\":\"https:\/\/coletivo21.art\/#organization\"},\"potentialAction\":[{\"@type\":\"SearchAction\",\"target\":{\"@type\":\"EntryPoint\",\"urlTemplate\":\"https:\/\/coletivo21.art\/?s={search_term_string}\"},\"query-input\":\"required name=search_term_string\"}],\"inLanguage\":\"en-US\"},{\"@type\":\"Organization\",\"@id\":\"https:\/\/coletivo21.art\/#organization\",\"name\":\"Coletivo 21\",\"url\":\"https:\/\/coletivo21.art\/\",\"logo\":{\"@type\":\"ImageObject\",\"inLanguage\":\"en-US\",\"@id\":\"https:\/\/coletivo21.art\/#\/schema\/logo\/image\/\",\"url\":\"https:\/\/coletivo21.art\/wp-content\/uploads\/2023\/08\/C21PL.png\",\"contentUrl\":\"https:\/\/coletivo21.art\/wp-content\/uploads\/2023\/08\/C21PL.png\",\"width\":976,\"height\":231,\"caption\":\"Coletivo 21\"},\"image\":{\"@id\":\"https:\/\/coletivo21.art\/#\/schema\/logo\/image\/\"},\"sameAs\":[\"https:\/\/www.instagram.com\/coletivo_21\/\"]},{\"@type\":\"Person\",\"@id\":\"https:\/\/coletivo21.art\/#\/schema\/person\/0a074a441fe369292b021def00d771e2\",\"name\":\"Coletivo 21\",\"image\":{\"@type\":\"ImageObject\",\"inLanguage\":\"en-US\",\"@id\":\"https:\/\/coletivo21.art\/#\/schema\/person\/image\/\",\"url\":\"https:\/\/secure.gravatar.com\/avatar\/1bc6d40dc248750b53e13b33d3534423b594a2619f45b16f21b51c9d34fc54b1?s=96&d=mm&r=g\",\"contentUrl\":\"https:\/\/secure.gravatar.com\/avatar\/1bc6d40dc248750b53e13b33d3534423b594a2619f45b16f21b51c9d34fc54b1?s=96&d=mm&r=g\",\"caption\":\"Coletivo 21\"},\"description\":\"Somos um coletivo de artistas de diversas regi\u00f5es do Brasil, cada um em sua singularidade, com o desejo em comum de expor sua po\u00e9tica visual.\",\"sameAs\":[\"http:\/\/coletivo21.art\"],\"url\":\"https:\/\/coletivo21.art\/en\/author\/coletivo21-art\/\"}]}<\/script>\n<!-- \/ Yoast SEO Premium plugin. -->","yoast_head_json":{"title":"Novo logo do Coletivo 21 - Coletivo 21","robots":{"index":"index","follow":"follow","max-snippet":"max-snippet:-1","max-image-preview":"max-image-preview:large","max-video-preview":"max-video-preview:-1"},"canonical":"https:\/\/coletivo21.art\/en\/novo-logo-do-coletivo-21\/","og_locale":"en_US","og_type":"article","og_title":"Novo logo do Coletivo 21","og_description":"O Coletivo 21 nasceu como uma iniciativa de artistas visuais unidos pela paix\u00e3o pela arte e pela vontade de expandir horizontes atrav\u00e9s de exposi\u00e7\u00f5es e projetos colaborativos. Ao longo dos anos, nossa trajet\u00f3ria foi marcada por um constante crescimento, tanto em termos de n\u00famero de integrantes quanto de visibilidade no cen\u00e1rio art\u00edstico. No entanto, com [&hellip;]","og_url":"https:\/\/coletivo21.art\/en\/novo-logo-do-coletivo-21\/","og_site_name":"Coletivo 21","article_published_time":"2024-08-12T14:04:58+00:00","og_image":[{"width":1080,"height":1080,"url":"https:\/\/coletivo21.art\/wp-content\/uploads\/2024\/08\/WhatsApp-Image-2024-08-09-at-17.14.39.jpeg","type":"image\/jpeg"}],"author":"Coletivo 21","twitter_card":"summary_large_image","twitter_misc":{"Written by":"Coletivo 21","Est. reading time":"3 minutes"},"schema":{"@context":"https:\/\/schema.org","@graph":[{"@type":"Article","@id":"https:\/\/coletivo21.art\/novo-logo-do-coletivo-21\/#article","isPartOf":{"@id":"https:\/\/coletivo21.art\/novo-logo-do-coletivo-21\/"},"author":{"name":"Coletivo 21","@id":"https:\/\/coletivo21.art\/#\/schema\/person\/0a074a441fe369292b021def00d771e2"},"headline":"Novo logo do Coletivo 21","datePublished":"2024-08-12T14:04:58+00:00","dateModified":"2024-08-12T14:04:58+00:00","mainEntityOfPage":{"@id":"https:\/\/coletivo21.art\/novo-logo-do-coletivo-21\/"},"wordCount":386,"commentCount":0,"publisher":{"@id":"https:\/\/coletivo21.art\/#organization"},"image":{"@id":"https:\/\/coletivo21.art\/novo-logo-do-coletivo-21\/#primaryimage"},"thumbnailUrl":"https:\/\/coletivo21.art\/wp-content\/uploads\/2024\/08\/WhatsApp-Image-2024-08-09-at-17.14.39.jpeg","articleSection":["Blog"],"inLanguage":"en-US","potentialAction":[{"@type":"CommentAction","name":"Comment","target":["https:\/\/coletivo21.art\/novo-logo-do-coletivo-21\/#respond"]}]},{"@type":"WebPage","@id":"https:\/\/coletivo21.art\/novo-logo-do-coletivo-21\/","url":"https:\/\/coletivo21.art\/novo-logo-do-coletivo-21\/","name":"Novo logo do Coletivo 21 - Coletivo 21","isPartOf":{"@id":"https:\/\/coletivo21.art\/#website"},"primaryImageOfPage":{"@id":"https:\/\/coletivo21.art\/novo-logo-do-coletivo-21\/#primaryimage"},"image":{"@id":"https:\/\/coletivo21.art\/novo-logo-do-coletivo-21\/#primaryimage"},"thumbnailUrl":"https:\/\/coletivo21.art\/wp-content\/uploads\/2024\/08\/WhatsApp-Image-2024-08-09-at-17.14.39.jpeg","datePublished":"2024-08-12T14:04:58+00:00","dateModified":"2024-08-12T14:04:58+00:00","breadcrumb":{"@id":"https:\/\/coletivo21.art\/novo-logo-do-coletivo-21\/#breadcrumb"},"inLanguage":"en-US","potentialAction":[{"@type":"ReadAction","target":["https:\/\/coletivo21.art\/novo-logo-do-coletivo-21\/"]}]},{"@type":"ImageObject","inLanguage":"en-US","@id":"https:\/\/coletivo21.art\/novo-logo-do-coletivo-21\/#primaryimage","url":"https:\/\/coletivo21.art\/wp-content\/uploads\/2024\/08\/WhatsApp-Image-2024-08-09-at-17.14.39.jpeg","contentUrl":"https:\/\/coletivo21.art\/wp-content\/uploads\/2024\/08\/WhatsApp-Image-2024-08-09-at-17.14.39.jpeg","width":1080,"height":1080},{"@type":"BreadcrumbList","@id":"https:\/\/coletivo21.art\/novo-logo-do-coletivo-21\/#breadcrumb","itemListElement":[{"@type":"ListItem","position":1,"name":"In\u00edcio","item":"https:\/\/coletivo21.art\/"},{"@type":"ListItem","position":2,"name":"Novo logo do Coletivo 21"}]},{"@type":"WebSite","@id":"https:\/\/coletivo21.art\/#website","url":"https:\/\/coletivo21.art\/","name":"Coletivo 21","description":"Coletivo de Artistas","publisher":{"@id":"https:\/\/coletivo21.art\/#organization"},"potentialAction":[{"@type":"SearchAction","target":{"@type":"EntryPoint","urlTemplate":"https:\/\/coletivo21.art\/?s={search_term_string}"},"query-input":"required name=search_term_string"}],"inLanguage":"en-US"},{"@type":"Organization","@id":"https:\/\/coletivo21.art\/#organization","name":"Coletivo 21","url":"https:\/\/coletivo21.art\/","logo":{"@type":"ImageObject","inLanguage":"en-US","@id":"https:\/\/coletivo21.art\/#\/schema\/logo\/image\/","url":"https:\/\/coletivo21.art\/wp-content\/uploads\/2023\/08\/C21PL.png","contentUrl":"https:\/\/coletivo21.art\/wp-content\/uploads\/2023\/08\/C21PL.png","width":976,"height":231,"caption":"Coletivo 21"},"image":{"@id":"https:\/\/coletivo21.art\/#\/schema\/logo\/image\/"},"sameAs":["https:\/\/www.instagram.com\/coletivo_21\/"]},{"@type":"Person","@id":"https:\/\/coletivo21.art\/#\/schema\/person\/0a074a441fe369292b021def00d771e2","name":"Coletivo 21","image":{"@type":"ImageObject","inLanguage":"en-US","@id":"https:\/\/coletivo21.art\/#\/schema\/person\/image\/","url":"https:\/\/secure.gravatar.com\/avatar\/1bc6d40dc248750b53e13b33d3534423b594a2619f45b16f21b51c9d34fc54b1?s=96&d=mm&r=g","contentUrl":"https:\/\/secure.gravatar.com\/avatar\/1bc6d40dc248750b53e13b33d3534423b594a2619f45b16f21b51c9d34fc54b1?s=96&d=mm&r=g","caption":"Coletivo 21"},"description":"Somos um coletivo de artistas de diversas regi\u00f5es do Brasil, cada um em sua singularidade, com o desejo em comum de expor sua po\u00e9tica visual.","sameAs":["http:\/\/coletivo21.art"],"url":"https:\/\/coletivo21.art\/en\/author\/coletivo21-art\/"}]}},"_links":{"self":[{"href":"https:\/\/coletivo21.art\/en\/wp-json\/wp\/v2\/posts\/1165","targetHints":{"allow":["GET"]}}],"collection":[{"href":"https:\/\/coletivo21.art\/en\/wp-json\/wp\/v2\/posts"}],"about":[{"href":"https:\/\/coletivo21.art\/en\/wp-json\/wp\/v2\/types\/post"}],"author":[{"embeddable":true,"href":"https:\/\/coletivo21.art\/en\/wp-json\/wp\/v2\/users\/1"}],"replies":[{"embeddable":true,"href":"https:\/\/coletivo21.art\/en\/wp-json\/wp\/v2\/comments?post=1165"}],"version-history":[{"count":1,"href":"https:\/\/coletivo21.art\/en\/wp-json\/wp\/v2\/posts\/1165\/revisions"}],"predecessor-version":[{"id":1167,"href":"https:\/\/coletivo21.art\/en\/wp-json\/wp\/v2\/posts\/1165\/revisions\/1167"}],"wp:featuredmedia":[{"embeddable":true,"href":"https:\/\/coletivo21.art\/en\/wp-json\/wp\/v2\/media\/1166"}],"wp:attachment":[{"href":"https:\/\/coletivo21.art\/en\/wp-json\/wp\/v2\/media?parent=1165"}],"wp:term":[{"taxonomy":"category","embeddable":true,"href":"https:\/\/coletivo21.art\/en\/wp-json\/wp\/v2\/categories?post=1165"},{"taxonomy":"post_tag","embeddable":true,"href":"https:\/\/coletivo21.art\/en\/wp-json\/wp\/v2\/tags?post=1165"}],"curies":[{"name":"wp","href":"https:\/\/api.w.org\/{rel}","templated":true}]}}