{"id":1007,"date":"2024-01-24T09:56:45","date_gmt":"2024-01-24T12:56:45","guid":{"rendered":"https:\/\/coletivo21.art\/?p=1007"},"modified":"2024-01-24T09:57:19","modified_gmt":"2024-01-24T12:57:19","slug":"happening-morrinhos-na-casa-da-amizade","status":"publish","type":"post","link":"https:\/\/coletivo21.art\/en\/happening-morrinhos-na-casa-da-amizade\/","title":{"rendered":"\u201cHappening Morrinhos\u201d at Casa da Amizade"},"content":{"rendered":"<p>Once again, Coletivo 21 participated in \u201cHappening Morrinhos\u201d at the NGO Casa da Amizade on January 16\/2024, reaffirming the group\u2019s involvement also in social issues.<\/p>\n\n\n\n<figure class=\"wp-block-image size-full\"><img fetchpriority=\"high\" decoding=\"async\" width=\"823\" height=\"823\" src=\"https:\/\/coletivo21.art\/wp-content\/uploads\/2024\/01\/WhatsApp-Image-2024-01-21-at-17.15.4.jpeg\" alt=\"\" class=\"wp-image-1009\" srcset=\"https:\/\/coletivo21.art\/wp-content\/uploads\/2024\/01\/WhatsApp-Image-2024-01-21-at-17.15.4.jpeg 823w, https:\/\/coletivo21.art\/wp-content\/uploads\/2024\/01\/WhatsApp-Image-2024-01-21-at-17.15.4-300x300.jpeg 300w, https:\/\/coletivo21.art\/wp-content\/uploads\/2024\/01\/WhatsApp-Image-2024-01-21-at-17.15.4-150x150.jpeg 150w, https:\/\/coletivo21.art\/wp-content\/uploads\/2024\/01\/WhatsApp-Image-2024-01-21-at-17.15.4-768x768.jpeg 768w, https:\/\/coletivo21.art\/wp-content\/uploads\/2024\/01\/WhatsApp-Image-2024-01-21-at-17.15.4-12x12.jpeg 12w\" sizes=\"(max-width: 823px) 100vw, 823px\" \/><\/figure>\n\n\n\n<p>The houses, shops and other establishments of the Parais\u00f3polis community, in S\u00e3o Paulo, the capital, were reproduced.<\/p>\n\n\n\n<p>The housing theme is always present, so the older students used Bahian bricks and paint, for the little ones, recyclable material was used, always using gouache paint.<\/p>\n\n\n\n<p>Wooden crates constituted the \u201crelief\u201d of the sloping terrain.<\/p>\n\n\n\n<figure class=\"wp-block-image size-full\"><img decoding=\"async\" width=\"819\" height=\"819\" src=\"https:\/\/coletivo21.art\/wp-content\/uploads\/2024\/01\/WhatsApp-Image-2024-01-21-at-17.15.48.jpeg\" alt=\"\" class=\"wp-image-1010\" srcset=\"https:\/\/coletivo21.art\/wp-content\/uploads\/2024\/01\/WhatsApp-Image-2024-01-21-at-17.15.48.jpeg 819w, https:\/\/coletivo21.art\/wp-content\/uploads\/2024\/01\/WhatsApp-Image-2024-01-21-at-17.15.48-300x300.jpeg 300w, https:\/\/coletivo21.art\/wp-content\/uploads\/2024\/01\/WhatsApp-Image-2024-01-21-at-17.15.48-150x150.jpeg 150w, https:\/\/coletivo21.art\/wp-content\/uploads\/2024\/01\/WhatsApp-Image-2024-01-21-at-17.15.48-768x768.jpeg 768w, https:\/\/coletivo21.art\/wp-content\/uploads\/2024\/01\/WhatsApp-Image-2024-01-21-at-17.15.48-12x12.jpeg 12w\" sizes=\"(max-width: 819px) 100vw, 819px\" \/><\/figure>\n\n\n\n<p>Certainly the boys' object of desire was the football courts reproduced in the model with bricks and scrap material.<\/p>\n\n\n\n<p class=\"translation-block\">We finished by putting the work together to form a large model. The involvement of approximately 50 young people was intense, even with a temperature of 38 degrees! in the community.<\/p>\n\n\n\n<p>Artists Zuca Paula and Carol Lefevre (volunteers) and Michaela AF (coordinator) participated, as well as Casa da Amizade intern Giulia.<\/p>\n\n\n\n<figure class=\"wp-block-gallery has-nested-images columns-default is-cropped wp-block-gallery-1 is-layout-flex wp-block-gallery-is-layout-flex\">\n<figure class=\"wp-block-image size-large\"><img decoding=\"async\" width=\"1024\" height=\"1024\" data-id=\"1011\" src=\"https:\/\/coletivo21.art\/wp-content\/uploads\/2024\/01\/WhatsApp-Image-2024-01-21-at-17.15.49-1024x1024.jpeg\" alt=\"\" class=\"wp-image-1011\" srcset=\"https:\/\/coletivo21.art\/wp-content\/uploads\/2024\/01\/WhatsApp-Image-2024-01-21-at-17.15.49-1024x1024.jpeg 1024w, https:\/\/coletivo21.art\/wp-content\/uploads\/2024\/01\/WhatsApp-Image-2024-01-21-at-17.15.49-300x300.jpeg 300w, https:\/\/coletivo21.art\/wp-content\/uploads\/2024\/01\/WhatsApp-Image-2024-01-21-at-17.15.49-150x150.jpeg 150w, https:\/\/coletivo21.art\/wp-content\/uploads\/2024\/01\/WhatsApp-Image-2024-01-21-at-17.15.49-768x768.jpeg 768w, https:\/\/coletivo21.art\/wp-content\/uploads\/2024\/01\/WhatsApp-Image-2024-01-21-at-17.15.49-12x12.jpeg 12w, https:\/\/coletivo21.art\/wp-content\/uploads\/2024\/01\/WhatsApp-Image-2024-01-21-at-17.15.49.jpeg 1064w\" sizes=\"(max-width: 1024px) 100vw, 1024px\" \/><\/figure>\n\n\n\n<figure class=\"wp-block-image size-large\"><img loading=\"lazy\" decoding=\"async\" width=\"1024\" height=\"768\" data-id=\"1012\" src=\"https:\/\/coletivo21.art\/wp-content\/uploads\/2024\/01\/WhatsApp-Image-2024-01-21-at-17.15.49-1-1024x768.jpeg\" alt=\"\" class=\"wp-image-1012\" srcset=\"https:\/\/coletivo21.art\/wp-content\/uploads\/2024\/01\/WhatsApp-Image-2024-01-21-at-17.15.49-1-1024x768.jpeg 1024w, https:\/\/coletivo21.art\/wp-content\/uploads\/2024\/01\/WhatsApp-Image-2024-01-21-at-17.15.49-1-300x225.jpeg 300w, https:\/\/coletivo21.art\/wp-content\/uploads\/2024\/01\/WhatsApp-Image-2024-01-21-at-17.15.49-1-768x576.jpeg 768w, https:\/\/coletivo21.art\/wp-content\/uploads\/2024\/01\/WhatsApp-Image-2024-01-21-at-17.15.49-1-16x12.jpeg 16w, https:\/\/coletivo21.art\/wp-content\/uploads\/2024\/01\/WhatsApp-Image-2024-01-21-at-17.15.49-1.jpeg 1080w\" sizes=\"(max-width: 1024px) 100vw, 1024px\" \/><\/figure>\n\n\n\n<figure class=\"wp-block-image size-large\"><img loading=\"lazy\" decoding=\"async\" width=\"461\" height=\"1024\" data-id=\"1013\" src=\"https:\/\/coletivo21.art\/wp-content\/uploads\/2024\/01\/WhatsApp-Image-2024-01-21-at-17.15.50-1-461x1024.jpeg\" alt=\"\" class=\"wp-image-1013\" srcset=\"https:\/\/coletivo21.art\/wp-content\/uploads\/2024\/01\/WhatsApp-Image-2024-01-21-at-17.15.50-1-461x1024.jpeg 461w, https:\/\/coletivo21.art\/wp-content\/uploads\/2024\/01\/WhatsApp-Image-2024-01-21-at-17.15.50-1-135x300.jpeg 135w, https:\/\/coletivo21.art\/wp-content\/uploads\/2024\/01\/WhatsApp-Image-2024-01-21-at-17.15.50-1-691x1536.jpeg 691w, https:\/\/coletivo21.art\/wp-content\/uploads\/2024\/01\/WhatsApp-Image-2024-01-21-at-17.15.50-1-5x12.jpeg 5w, https:\/\/coletivo21.art\/wp-content\/uploads\/2024\/01\/WhatsApp-Image-2024-01-21-at-17.15.50-1.jpeg 720w\" sizes=\"(max-width: 461px) 100vw, 461px\" \/><\/figure>\n\n\n\n<figure class=\"wp-block-image size-large\"><img loading=\"lazy\" decoding=\"async\" width=\"461\" height=\"1024\" data-id=\"1014\" src=\"https:\/\/coletivo21.art\/wp-content\/uploads\/2024\/01\/WhatsApp-Image-2024-01-21-at-17.15.50-2-461x1024.jpeg\" alt=\"\" class=\"wp-image-1014\" srcset=\"https:\/\/coletivo21.art\/wp-content\/uploads\/2024\/01\/WhatsApp-Image-2024-01-21-at-17.15.50-2-461x1024.jpeg 461w, https:\/\/coletivo21.art\/wp-content\/uploads\/2024\/01\/WhatsApp-Image-2024-01-21-at-17.15.50-2-135x300.jpeg 135w, https:\/\/coletivo21.art\/wp-content\/uploads\/2024\/01\/WhatsApp-Image-2024-01-21-at-17.15.50-2-691x1536.jpeg 691w, https:\/\/coletivo21.art\/wp-content\/uploads\/2024\/01\/WhatsApp-Image-2024-01-21-at-17.15.50-2-5x12.jpeg 5w, https:\/\/coletivo21.art\/wp-content\/uploads\/2024\/01\/WhatsApp-Image-2024-01-21-at-17.15.50-2.jpeg 720w\" sizes=\"(max-width: 461px) 100vw, 461px\" \/><\/figure>\n\n\n\n<figure class=\"wp-block-image size-large\"><img loading=\"lazy\" decoding=\"async\" width=\"461\" height=\"1024\" data-id=\"1015\" src=\"https:\/\/coletivo21.art\/wp-content\/uploads\/2024\/01\/WhatsApp-Image-2024-01-21-at-17.15.50-3-461x1024.jpeg\" alt=\"\" class=\"wp-image-1015\" srcset=\"https:\/\/coletivo21.art\/wp-content\/uploads\/2024\/01\/WhatsApp-Image-2024-01-21-at-17.15.50-3-461x1024.jpeg 461w, https:\/\/coletivo21.art\/wp-content\/uploads\/2024\/01\/WhatsApp-Image-2024-01-21-at-17.15.50-3-135x300.jpeg 135w, https:\/\/coletivo21.art\/wp-content\/uploads\/2024\/01\/WhatsApp-Image-2024-01-21-at-17.15.50-3-691x1536.jpeg 691w, https:\/\/coletivo21.art\/wp-content\/uploads\/2024\/01\/WhatsApp-Image-2024-01-21-at-17.15.50-3-5x12.jpeg 5w, https:\/\/coletivo21.art\/wp-content\/uploads\/2024\/01\/WhatsApp-Image-2024-01-21-at-17.15.50-3.jpeg 720w\" sizes=\"(max-width: 461px) 100vw, 461px\" \/><\/figure>\n\n\n\n<figure class=\"wp-block-image size-large\"><img loading=\"lazy\" decoding=\"async\" width=\"461\" height=\"1024\" data-id=\"1016\" src=\"https:\/\/coletivo21.art\/wp-content\/uploads\/2024\/01\/WhatsApp-Image-2024-01-21-at-17.15.50-4-461x1024.jpeg\" alt=\"\" class=\"wp-image-1016\" srcset=\"https:\/\/coletivo21.art\/wp-content\/uploads\/2024\/01\/WhatsApp-Image-2024-01-21-at-17.15.50-4-461x1024.jpeg 461w, https:\/\/coletivo21.art\/wp-content\/uploads\/2024\/01\/WhatsApp-Image-2024-01-21-at-17.15.50-4-135x300.jpeg 135w, https:\/\/coletivo21.art\/wp-content\/uploads\/2024\/01\/WhatsApp-Image-2024-01-21-at-17.15.50-4-691x1536.jpeg 691w, https:\/\/coletivo21.art\/wp-content\/uploads\/2024\/01\/WhatsApp-Image-2024-01-21-at-17.15.50-4-5x12.jpeg 5w, https:\/\/coletivo21.art\/wp-content\/uploads\/2024\/01\/WhatsApp-Image-2024-01-21-at-17.15.50-4.jpeg 720w\" sizes=\"(max-width: 461px) 100vw, 461px\" \/><\/figure>\n\n\n\n<figure class=\"wp-block-image size-large\"><img loading=\"lazy\" decoding=\"async\" width=\"461\" height=\"1024\" data-id=\"1017\" src=\"https:\/\/coletivo21.art\/wp-content\/uploads\/2024\/01\/WhatsApp-Image-2024-01-21-at-17.15.50-461x1024.jpeg\" alt=\"\" class=\"wp-image-1017\" srcset=\"https:\/\/coletivo21.art\/wp-content\/uploads\/2024\/01\/WhatsApp-Image-2024-01-21-at-17.15.50-461x1024.jpeg 461w, https:\/\/coletivo21.art\/wp-content\/uploads\/2024\/01\/WhatsApp-Image-2024-01-21-at-17.15.50-135x300.jpeg 135w, https:\/\/coletivo21.art\/wp-content\/uploads\/2024\/01\/WhatsApp-Image-2024-01-21-at-17.15.50-691x1536.jpeg 691w, https:\/\/coletivo21.art\/wp-content\/uploads\/2024\/01\/WhatsApp-Image-2024-01-21-at-17.15.50-5x12.jpeg 5w, https:\/\/coletivo21.art\/wp-content\/uploads\/2024\/01\/WhatsApp-Image-2024-01-21-at-17.15.50.jpeg 720w\" sizes=\"(max-width: 461px) 100vw, 461px\" \/><\/figure>\n<\/figure>","protected":false},"excerpt":{"rendered":"<p>Novamente o Coletivo 21 participou do \u201cHappening Morrinhos\u201d na ONG Casa da Amizade no dia 16 de janeiro\/2024, reafirmando o envolvimento do grupo tamb\u00e9m para as quest\u00f5es de cunho social. Foi reproduzido o casario, o com\u00e9rcio e demais estabelecimentos da comunidade Parais\u00f3polis, em S\u00e3o Paulo, capital. O tema habita\u00e7\u00e3o est\u00e1 sempre ali presente, assim os [&hellip;]<\/p>","protected":false},"author":1,"featured_media":1009,"comment_status":"open","ping_status":"open","sticky":false,"template":"","format":"standard","meta":{"footnotes":""},"categories":[1],"tags":[],"class_list":["post-1007","post","type-post","status-publish","format-standard","has-post-thumbnail","hentry","category-blog"],"yoast_head":"<!-- This site is optimized with the Yoast SEO Premium plugin v22.8 (Yoast SEO v22.8) - https:\/\/yoast.com\/wordpress\/plugins\/seo\/ -->\n<title>\u201cHappening Morrinhos\u201d na Casa da Amizade - Coletivo 21<\/title>\n<meta name=\"robots\" content=\"index, follow, max-snippet:-1, max-image-preview:large, max-video-preview:-1\" \/>\n<link rel=\"canonical\" href=\"https:\/\/coletivo21.art\/en\/happening-morrinhos-na-casa-da-amizade\/\" \/>\n<meta property=\"og:locale\" content=\"en_US\" \/>\n<meta property=\"og:type\" content=\"article\" \/>\n<meta property=\"og:title\" content=\"\u201cHappening Morrinhos\u201d na Casa da Amizade\" \/>\n<meta property=\"og:description\" content=\"Novamente o Coletivo 21 participou do \u201cHappening Morrinhos\u201d na ONG Casa da Amizade no dia 16 de janeiro\/2024, reafirmando o envolvimento do grupo tamb\u00e9m para as quest\u00f5es de cunho social. Foi reproduzido o casario, o com\u00e9rcio e demais estabelecimentos da comunidade Parais\u00f3polis, em S\u00e3o Paulo, capital. O tema habita\u00e7\u00e3o est\u00e1 sempre ali presente, assim os [&hellip;]\" \/>\n<meta property=\"og:url\" content=\"https:\/\/coletivo21.art\/en\/happening-morrinhos-na-casa-da-amizade\/\" \/>\n<meta property=\"og:site_name\" content=\"Coletivo 21\" \/>\n<meta property=\"article:published_time\" content=\"2024-01-24T12:56:45+00:00\" \/>\n<meta property=\"article:modified_time\" content=\"2024-01-24T12:57:19+00:00\" \/>\n<meta property=\"og:image\" content=\"https:\/\/coletivo21.art\/wp-content\/uploads\/2024\/01\/WhatsApp-Image-2024-01-21-at-17.15.4.jpeg\" \/>\n\t<meta property=\"og:image:width\" content=\"823\" \/>\n\t<meta property=\"og:image:height\" content=\"823\" \/>\n\t<meta property=\"og:image:type\" content=\"image\/jpeg\" \/>\n<meta name=\"author\" content=\"Coletivo 21\" \/>\n<meta name=\"twitter:card\" content=\"summary_large_image\" \/>\n<meta name=\"twitter:label1\" content=\"Written by\" \/>\n\t<meta name=\"twitter:data1\" content=\"Coletivo 21\" \/>\n\t<meta name=\"twitter:label2\" content=\"Est. reading time\" \/>\n\t<meta name=\"twitter:data2\" content=\"3 minutes\" \/>\n<script type=\"application\/ld+json\" class=\"yoast-schema-graph\">{\"@context\":\"https:\/\/schema.org\",\"@graph\":[{\"@type\":\"Article\",\"@id\":\"https:\/\/coletivo21.art\/happening-morrinhos-na-casa-da-amizade\/#article\",\"isPartOf\":{\"@id\":\"https:\/\/coletivo21.art\/happening-morrinhos-na-casa-da-amizade\/\"},\"author\":{\"name\":\"Coletivo 21\",\"@id\":\"https:\/\/coletivo21.art\/#\/schema\/person\/0a074a441fe369292b021def00d771e2\"},\"headline\":\"\u201cHappening Morrinhos\u201d na Casa da Amizade\",\"datePublished\":\"2024-01-24T12:56:45+00:00\",\"dateModified\":\"2024-01-24T12:57:19+00:00\",\"mainEntityOfPage\":{\"@id\":\"https:\/\/coletivo21.art\/happening-morrinhos-na-casa-da-amizade\/\"},\"wordCount\":165,\"commentCount\":0,\"publisher\":{\"@id\":\"https:\/\/coletivo21.art\/#organization\"},\"image\":{\"@id\":\"https:\/\/coletivo21.art\/happening-morrinhos-na-casa-da-amizade\/#primaryimage\"},\"thumbnailUrl\":\"https:\/\/coletivo21.art\/wp-content\/uploads\/2024\/01\/WhatsApp-Image-2024-01-21-at-17.15.4.jpeg\",\"articleSection\":[\"Blog\"],\"inLanguage\":\"en-US\",\"potentialAction\":[{\"@type\":\"CommentAction\",\"name\":\"Comment\",\"target\":[\"https:\/\/coletivo21.art\/happening-morrinhos-na-casa-da-amizade\/#respond\"]}]},{\"@type\":\"WebPage\",\"@id\":\"https:\/\/coletivo21.art\/happening-morrinhos-na-casa-da-amizade\/\",\"url\":\"https:\/\/coletivo21.art\/happening-morrinhos-na-casa-da-amizade\/\",\"name\":\"\u201cHappening Morrinhos\u201d na Casa da Amizade - Coletivo 21\",\"isPartOf\":{\"@id\":\"https:\/\/coletivo21.art\/#website\"},\"primaryImageOfPage\":{\"@id\":\"https:\/\/coletivo21.art\/happening-morrinhos-na-casa-da-amizade\/#primaryimage\"},\"image\":{\"@id\":\"https:\/\/coletivo21.art\/happening-morrinhos-na-casa-da-amizade\/#primaryimage\"},\"thumbnailUrl\":\"https:\/\/coletivo21.art\/wp-content\/uploads\/2024\/01\/WhatsApp-Image-2024-01-21-at-17.15.4.jpeg\",\"datePublished\":\"2024-01-24T12:56:45+00:00\",\"dateModified\":\"2024-01-24T12:57:19+00:00\",\"breadcrumb\":{\"@id\":\"https:\/\/coletivo21.art\/happening-morrinhos-na-casa-da-amizade\/#breadcrumb\"},\"inLanguage\":\"en-US\",\"potentialAction\":[{\"@type\":\"ReadAction\",\"target\":[\"https:\/\/coletivo21.art\/happening-morrinhos-na-casa-da-amizade\/\"]}]},{\"@type\":\"ImageObject\",\"inLanguage\":\"en-US\",\"@id\":\"https:\/\/coletivo21.art\/happening-morrinhos-na-casa-da-amizade\/#primaryimage\",\"url\":\"https:\/\/coletivo21.art\/wp-content\/uploads\/2024\/01\/WhatsApp-Image-2024-01-21-at-17.15.4.jpeg\",\"contentUrl\":\"https:\/\/coletivo21.art\/wp-content\/uploads\/2024\/01\/WhatsApp-Image-2024-01-21-at-17.15.4.jpeg\",\"width\":823,\"height\":823},{\"@type\":\"BreadcrumbList\",\"@id\":\"https:\/\/coletivo21.art\/happening-morrinhos-na-casa-da-amizade\/#breadcrumb\",\"itemListElement\":[{\"@type\":\"ListItem\",\"position\":1,\"name\":\"In\u00edcio\",\"item\":\"https:\/\/coletivo21.art\/\"},{\"@type\":\"ListItem\",\"position\":2,\"name\":\"\u201cHappening Morrinhos\u201d na Casa da Amizade\"}]},{\"@type\":\"WebSite\",\"@id\":\"https:\/\/coletivo21.art\/#website\",\"url\":\"https:\/\/coletivo21.art\/\",\"name\":\"Coletivo 21\",\"description\":\"Coletivo de Artistas\",\"publisher\":{\"@id\":\"https:\/\/coletivo21.art\/#organization\"},\"potentialAction\":[{\"@type\":\"SearchAction\",\"target\":{\"@type\":\"EntryPoint\",\"urlTemplate\":\"https:\/\/coletivo21.art\/?s={search_term_string}\"},\"query-input\":\"required name=search_term_string\"}],\"inLanguage\":\"en-US\"},{\"@type\":\"Organization\",\"@id\":\"https:\/\/coletivo21.art\/#organization\",\"name\":\"Coletivo 21\",\"url\":\"https:\/\/coletivo21.art\/\",\"logo\":{\"@type\":\"ImageObject\",\"inLanguage\":\"en-US\",\"@id\":\"https:\/\/coletivo21.art\/#\/schema\/logo\/image\/\",\"url\":\"https:\/\/coletivo21.art\/wp-content\/uploads\/2023\/08\/C21PL.png\",\"contentUrl\":\"https:\/\/coletivo21.art\/wp-content\/uploads\/2023\/08\/C21PL.png\",\"width\":976,\"height\":231,\"caption\":\"Coletivo 21\"},\"image\":{\"@id\":\"https:\/\/coletivo21.art\/#\/schema\/logo\/image\/\"},\"sameAs\":[\"https:\/\/www.instagram.com\/coletivo_21\/\"]},{\"@type\":\"Person\",\"@id\":\"https:\/\/coletivo21.art\/#\/schema\/person\/0a074a441fe369292b021def00d771e2\",\"name\":\"Coletivo 21\",\"image\":{\"@type\":\"ImageObject\",\"inLanguage\":\"en-US\",\"@id\":\"https:\/\/coletivo21.art\/#\/schema\/person\/image\/\",\"url\":\"https:\/\/secure.gravatar.com\/avatar\/1bc6d40dc248750b53e13b33d3534423b594a2619f45b16f21b51c9d34fc54b1?s=96&d=mm&r=g\",\"contentUrl\":\"https:\/\/secure.gravatar.com\/avatar\/1bc6d40dc248750b53e13b33d3534423b594a2619f45b16f21b51c9d34fc54b1?s=96&d=mm&r=g\",\"caption\":\"Coletivo 21\"},\"description\":\"Somos um coletivo de artistas de diversas regi\u00f5es do Brasil, cada um em sua singularidade, com o desejo em comum de expor sua po\u00e9tica visual.\",\"sameAs\":[\"http:\/\/coletivo21.art\"],\"url\":\"https:\/\/coletivo21.art\/en\/author\/coletivo21-art\/\"}]}<\/script>\n<!-- \/ Yoast SEO Premium plugin. -->","yoast_head_json":{"title":"\u201cHappening Morrinhos\u201d na Casa da Amizade - Coletivo 21","robots":{"index":"index","follow":"follow","max-snippet":"max-snippet:-1","max-image-preview":"max-image-preview:large","max-video-preview":"max-video-preview:-1"},"canonical":"https:\/\/coletivo21.art\/en\/happening-morrinhos-na-casa-da-amizade\/","og_locale":"en_US","og_type":"article","og_title":"\u201cHappening Morrinhos\u201d na Casa da Amizade","og_description":"Novamente o Coletivo 21 participou do \u201cHappening Morrinhos\u201d na ONG Casa da Amizade no dia 16 de janeiro\/2024, reafirmando o envolvimento do grupo tamb\u00e9m para as quest\u00f5es de cunho social. Foi reproduzido o casario, o com\u00e9rcio e demais estabelecimentos da comunidade Parais\u00f3polis, em S\u00e3o Paulo, capital. O tema habita\u00e7\u00e3o est\u00e1 sempre ali presente, assim os [&hellip;]","og_url":"https:\/\/coletivo21.art\/en\/happening-morrinhos-na-casa-da-amizade\/","og_site_name":"Coletivo 21","article_published_time":"2024-01-24T12:56:45+00:00","article_modified_time":"2024-01-24T12:57:19+00:00","og_image":[{"width":823,"height":823,"url":"https:\/\/coletivo21.art\/wp-content\/uploads\/2024\/01\/WhatsApp-Image-2024-01-21-at-17.15.4.jpeg","type":"image\/jpeg"}],"author":"Coletivo 21","twitter_card":"summary_large_image","twitter_misc":{"Written by":"Coletivo 21","Est. reading time":"3 minutes"},"schema":{"@context":"https:\/\/schema.org","@graph":[{"@type":"Article","@id":"https:\/\/coletivo21.art\/happening-morrinhos-na-casa-da-amizade\/#article","isPartOf":{"@id":"https:\/\/coletivo21.art\/happening-morrinhos-na-casa-da-amizade\/"},"author":{"name":"Coletivo 21","@id":"https:\/\/coletivo21.art\/#\/schema\/person\/0a074a441fe369292b021def00d771e2"},"headline":"\u201cHappening Morrinhos\u201d na Casa da Amizade","datePublished":"2024-01-24T12:56:45+00:00","dateModified":"2024-01-24T12:57:19+00:00","mainEntityOfPage":{"@id":"https:\/\/coletivo21.art\/happening-morrinhos-na-casa-da-amizade\/"},"wordCount":165,"commentCount":0,"publisher":{"@id":"https:\/\/coletivo21.art\/#organization"},"image":{"@id":"https:\/\/coletivo21.art\/happening-morrinhos-na-casa-da-amizade\/#primaryimage"},"thumbnailUrl":"https:\/\/coletivo21.art\/wp-content\/uploads\/2024\/01\/WhatsApp-Image-2024-01-21-at-17.15.4.jpeg","articleSection":["Blog"],"inLanguage":"en-US","potentialAction":[{"@type":"CommentAction","name":"Comment","target":["https:\/\/coletivo21.art\/happening-morrinhos-na-casa-da-amizade\/#respond"]}]},{"@type":"WebPage","@id":"https:\/\/coletivo21.art\/happening-morrinhos-na-casa-da-amizade\/","url":"https:\/\/coletivo21.art\/happening-morrinhos-na-casa-da-amizade\/","name":"\u201cHappening Morrinhos\u201d na Casa da Amizade - Coletivo 21","isPartOf":{"@id":"https:\/\/coletivo21.art\/#website"},"primaryImageOfPage":{"@id":"https:\/\/coletivo21.art\/happening-morrinhos-na-casa-da-amizade\/#primaryimage"},"image":{"@id":"https:\/\/coletivo21.art\/happening-morrinhos-na-casa-da-amizade\/#primaryimage"},"thumbnailUrl":"https:\/\/coletivo21.art\/wp-content\/uploads\/2024\/01\/WhatsApp-Image-2024-01-21-at-17.15.4.jpeg","datePublished":"2024-01-24T12:56:45+00:00","dateModified":"2024-01-24T12:57:19+00:00","breadcrumb":{"@id":"https:\/\/coletivo21.art\/happening-morrinhos-na-casa-da-amizade\/#breadcrumb"},"inLanguage":"en-US","potentialAction":[{"@type":"ReadAction","target":["https:\/\/coletivo21.art\/happening-morrinhos-na-casa-da-amizade\/"]}]},{"@type":"ImageObject","inLanguage":"en-US","@id":"https:\/\/coletivo21.art\/happening-morrinhos-na-casa-da-amizade\/#primaryimage","url":"https:\/\/coletivo21.art\/wp-content\/uploads\/2024\/01\/WhatsApp-Image-2024-01-21-at-17.15.4.jpeg","contentUrl":"https:\/\/coletivo21.art\/wp-content\/uploads\/2024\/01\/WhatsApp-Image-2024-01-21-at-17.15.4.jpeg","width":823,"height":823},{"@type":"BreadcrumbList","@id":"https:\/\/coletivo21.art\/happening-morrinhos-na-casa-da-amizade\/#breadcrumb","itemListElement":[{"@type":"ListItem","position":1,"name":"In\u00edcio","item":"https:\/\/coletivo21.art\/"},{"@type":"ListItem","position":2,"name":"\u201cHappening Morrinhos\u201d na Casa da Amizade"}]},{"@type":"WebSite","@id":"https:\/\/coletivo21.art\/#website","url":"https:\/\/coletivo21.art\/","name":"Coletivo 21","description":"Coletivo de Artistas","publisher":{"@id":"https:\/\/coletivo21.art\/#organization"},"potentialAction":[{"@type":"SearchAction","target":{"@type":"EntryPoint","urlTemplate":"https:\/\/coletivo21.art\/?s={search_term_string}"},"query-input":"required name=search_term_string"}],"inLanguage":"en-US"},{"@type":"Organization","@id":"https:\/\/coletivo21.art\/#organization","name":"Coletivo 21","url":"https:\/\/coletivo21.art\/","logo":{"@type":"ImageObject","inLanguage":"en-US","@id":"https:\/\/coletivo21.art\/#\/schema\/logo\/image\/","url":"https:\/\/coletivo21.art\/wp-content\/uploads\/2023\/08\/C21PL.png","contentUrl":"https:\/\/coletivo21.art\/wp-content\/uploads\/2023\/08\/C21PL.png","width":976,"height":231,"caption":"Coletivo 21"},"image":{"@id":"https:\/\/coletivo21.art\/#\/schema\/logo\/image\/"},"sameAs":["https:\/\/www.instagram.com\/coletivo_21\/"]},{"@type":"Person","@id":"https:\/\/coletivo21.art\/#\/schema\/person\/0a074a441fe369292b021def00d771e2","name":"Coletivo 21","image":{"@type":"ImageObject","inLanguage":"en-US","@id":"https:\/\/coletivo21.art\/#\/schema\/person\/image\/","url":"https:\/\/secure.gravatar.com\/avatar\/1bc6d40dc248750b53e13b33d3534423b594a2619f45b16f21b51c9d34fc54b1?s=96&d=mm&r=g","contentUrl":"https:\/\/secure.gravatar.com\/avatar\/1bc6d40dc248750b53e13b33d3534423b594a2619f45b16f21b51c9d34fc54b1?s=96&d=mm&r=g","caption":"Coletivo 21"},"description":"Somos um coletivo de artistas de diversas regi\u00f5es do Brasil, cada um em sua singularidade, com o desejo em comum de expor sua po\u00e9tica visual.","sameAs":["http:\/\/coletivo21.art"],"url":"https:\/\/coletivo21.art\/en\/author\/coletivo21-art\/"}]}},"_links":{"self":[{"href":"https:\/\/coletivo21.art\/en\/wp-json\/wp\/v2\/posts\/1007","targetHints":{"allow":["GET"]}}],"collection":[{"href":"https:\/\/coletivo21.art\/en\/wp-json\/wp\/v2\/posts"}],"about":[{"href":"https:\/\/coletivo21.art\/en\/wp-json\/wp\/v2\/types\/post"}],"author":[{"embeddable":true,"href":"https:\/\/coletivo21.art\/en\/wp-json\/wp\/v2\/users\/1"}],"replies":[{"embeddable":true,"href":"https:\/\/coletivo21.art\/en\/wp-json\/wp\/v2\/comments?post=1007"}],"version-history":[{"count":1,"href":"https:\/\/coletivo21.art\/en\/wp-json\/wp\/v2\/posts\/1007\/revisions"}],"predecessor-version":[{"id":1018,"href":"https:\/\/coletivo21.art\/en\/wp-json\/wp\/v2\/posts\/1007\/revisions\/1018"}],"wp:featuredmedia":[{"embeddable":true,"href":"https:\/\/coletivo21.art\/en\/wp-json\/wp\/v2\/media\/1009"}],"wp:attachment":[{"href":"https:\/\/coletivo21.art\/en\/wp-json\/wp\/v2\/media?parent=1007"}],"wp:term":[{"taxonomy":"category","embeddable":true,"href":"https:\/\/coletivo21.art\/en\/wp-json\/wp\/v2\/categories?post=1007"},{"taxonomy":"post_tag","embeddable":true,"href":"https:\/\/coletivo21.art\/en\/wp-json\/wp\/v2\/tags?post=1007"}],"curies":[{"name":"wp","href":"https:\/\/api.w.org\/{rel}","templated":true}]}}